{"id":29759,"date":"2011-07-08T00:00:00","date_gmt":"2011-07-08T03:00:00","guid":{"rendered":"https:\/\/www.zecadirceu.com.br\/secretario-da-agricultura-participa-do-lancamento-do-arenito-caiua-dia-15-em-umuarama\/"},"modified":"2011-07-08T00:00:00","modified_gmt":"2011-07-08T03:00:00","slug":"secretario-da-agricultura-participa-do-lancamento-do-arenito-caiua-dia-15-em-umuarama","status":"publish","type":"post","link":"https:\/\/teste.bsb.br\/zeca\/secretario-da-agricultura-participa-do-lancamento-do-arenito-caiua-dia-15-em-umuarama\/","title":{"rendered":"Secret\u00e1rio da Agricultura participa do lan\u00e7amento do Arenito Caiu\u00e1 dia 15 em Umuarama"},"content":{"rendered":"<p>&nbsp;Vou participar, no pr&oacute;ximo dia 15 em Umuarama, da solenidade de lan&ccedil;amento do Projeto de Desenvolvimento do Arenito Caiu&aacute;. O evento ter&aacute; presen&ccedil;a, j&aacute; confirmada, do secret&aacute;rio da Agricultura e do Abastecimento (Seab), Norberto Ortigara, que representar&aacute; o governo do Estado.<\/p>\n<p class=\"MsoNormal\"><o:p>&nbsp;<\/o:p><\/p>\n<p class=\"MsoNormal\">O projeto Arenito Caiu&aacute; &eacute; uma das principais alternativas para o crescimento econ&ocirc;mico da regi&atilde;o Noroeste do Paran&aacute;. A iniciativa &eacute; voltada &agrave; promo&ccedil;&atilde;o do desenvolvimento em toda a regi&atilde;o onde predomina o solo Arenito Caiu&aacute;, que engloba 107 munic&iacute;pios e 3,2 milh&otilde;es de hectares.<\/p>\n<p class=\"MsoNormal\"><o:p>&nbsp;<\/o:p><\/p>\n<p class=\"MsoNormal\">Participei recentemente, juntamente com a ministra Gleisi Hoffmann, do lan&ccedil;amento do programa <st1:personname productid=\"em Paranava&iacute;. O\" w:st=\"on\">em Paranava&iacute;. O<\/st1:personname> lan&ccedil;amento em Umuarama atende um pedido do prefeito Moacir Silva. Na cidade, o evento vai demostrar aos produtores rurais, quais os caminhos que est&atilde;o sendo propostos pelo Projeto de Desenvolvimento do Arenito Caiu&aacute;.<\/p>\n<p class=\"MsoNormal\"><o:p>&nbsp;<\/o:p><\/p>\n<p class=\"MsoNormal\">&ldquo;Precisamos despertar o interesse da classe produtora, pois &eacute; no campo que residem nossas maiores esperan&ccedil;as de promover uma grande guinada rumo ao crescimento econ&ocirc;mico e social no noroeste&rdquo;, salientou Moacir, em entrevista ao Umuarama Ilustrado, depois de uma reuni&atilde;o inicial de prepara&ccedil;&atilde;o do encontro, que contou com as presen&ccedil;as de representantes da Seab, Emater, Banco do Brasil, sindicatos rurais (patronal e dos trabalhadores), Instituto Federal de Educa&ccedil;&atilde;o do Paran&aacute; (IFPr), Amerios, entre outros segmentos.<\/p>\n<p class=\"MsoNormal\"><o:p>&nbsp;<\/o:p><\/p>\n<p class=\"MsoNormal\">Um levantamento da situa&ccedil;&atilde;o atual da regi&atilde;o Noroeste feito por t&eacute;cnicos do Banco do Brasil detectou que os principais problemas enfrentados pelos munic&iacute;pios do Arenito Caiu&aacute; s&atilde;o a degrada&ccedil;&atilde;o do solo e eros&atilde;o, baixa produtividade, pouca assist&ecirc;ncia t&eacute;cnica, falta de aplica&ccedil;&atilde;o de tecnologia, estradas prec&aacute;rias e &ecirc;xodo rural.<\/p>\n<p class=\"MsoNormal\"><o:p>&nbsp;<\/o:p><\/p>\n<p class=\"MsoNormal\">O objetivo desse programa que, reconhe&ccedil;a-se, est&aacute; saindo do papel por iniciativa da hoje chefe da Casa Civil da Presid&ecirc;ncia da Rep&uacute;blica, Gleisi Hoffmann e que ganhou aliados em todas as esferas pol&iacute;ticas e administrativas, &eacute; oferecer oportunidades para investimentos em atividades que, tecnicamente comprovadas, possam aumentar a produ&ccedil;&atilde;o e a produtividade no campo.<\/p>\n<p class=\"MsoNormal\"><o:p>&nbsp;<\/o:p><\/p>\n<p class=\"MsoNormal\">O Banco do Brasil est&aacute; disponibilizando em torno de R$ 2,5 bilh&otilde;es para bancar projetos de investimentos, principalmente, nas &aacute;reas de bovinocultura de leite, mandiocultura, avicultura e fruticultura, num momento inicial e, posteriormente, em outras atividades agropecu&aacute;rias.<\/p>\n<p class=\"MsoNormal\"><o:p>&nbsp;<\/o:p><\/p>\n<p class=\"MsoNormal\">O lan&ccedil;amento do programa ser&aacute; no dia 15 de julho, &agrave;s 8h30, no Centro Cultural Schubert.<\/p>\n","protected":false},"excerpt":{"rendered":"<p>Vou participar, no pr\u00f3ximo dia 15 em Umuarama, da solenidade de lan\u00e7amento do Projeto de Desenvolvimento do Arenito Caiu\u00e1. O evento ter\u00e1 presen\u00e7a, j\u00e1 confirmada, do secret\u00e1rio da Agricultura e do Abastecimento (Seab), Norberto Ortigara, que representar\u00e1 o governo do Estado.<\/p>\n<p>O projeto Arenito Caiu\u00e1 \u00e9 uma das principais alternativas para o crescimento econ\u00f4mico da regi\u00e3o Noroeste do Paran\u00e1.<\/p>\n","protected":false},"author":1,"featured_media":29758,"comment_status":"open","ping_status":"open","sticky":false,"template":"","format":"standard","meta":{"footnotes":""},"categories":[1],"tags":[7100],"class_list":["post-29759","post","type-post","status-publish","format-standard","has-post-thumbnail","hentry","category-noticias-zeca-dirceu","tag-secretario-da-agricultura-participa-do-lancamento-do-arenito-caiua-dia-15-em-umuarama"],"_links":{"self":[{"href":"https:\/\/teste.bsb.br\/zeca\/wp-json\/wp\/v2\/posts\/29759","targetHints":{"allow":["GET"]}}],"collection":[{"href":"https:\/\/teste.bsb.br\/zeca\/wp-json\/wp\/v2\/posts"}],"about":[{"href":"https:\/\/teste.bsb.br\/zeca\/wp-json\/wp\/v2\/types\/post"}],"author":[{"embeddable":true,"href":"https:\/\/teste.bsb.br\/zeca\/wp-json\/wp\/v2\/users\/1"}],"replies":[{"embeddable":true,"href":"https:\/\/teste.bsb.br\/zeca\/wp-json\/wp\/v2\/comments?post=29759"}],"version-history":[{"count":0,"href":"https:\/\/teste.bsb.br\/zeca\/wp-json\/wp\/v2\/posts\/29759\/revisions"}],"wp:featuredmedia":[{"embeddable":true,"href":"https:\/\/teste.bsb.br\/zeca\/wp-json\/wp\/v2\/media\/29758"}],"wp:attachment":[{"href":"https:\/\/teste.bsb.br\/zeca\/wp-json\/wp\/v2\/media?parent=29759"}],"wp:term":[{"taxonomy":"category","embeddable":true,"href":"https:\/\/teste.bsb.br\/zeca\/wp-json\/wp\/v2\/categories?post=29759"},{"taxonomy":"post_tag","embeddable":true,"href":"https:\/\/teste.bsb.br\/zeca\/wp-json\/wp\/v2\/tags?post=29759"}],"curies":[{"name":"wp","href":"https:\/\/api.w.org\/{rel}","templated":true}]}}