{"id":29739,"date":"2011-07-09T00:00:00","date_gmt":"2011-07-09T03:00:00","guid":{"rendered":"https:\/\/www.zecadirceu.com.br\/presidenta-dilma-confirma-visita-ao-parana-na-proxima-terca-feira-12\/"},"modified":"2011-07-09T00:00:00","modified_gmt":"2011-07-09T03:00:00","slug":"presidenta-dilma-confirma-visita-ao-parana-na-proxima-terca-feira-12","status":"publish","type":"post","link":"https:\/\/teste.bsb.br\/zeca\/presidenta-dilma-confirma-visita-ao-parana-na-proxima-terca-feira-12\/","title":{"rendered":"Presidenta Dilma confirma visita ao Paran\u00e1 na pr\u00f3xima ter\u00e7a-feira, 12"},"content":{"rendered":"<p>&nbsp;O Pal&aacute;cio do Planalto e o Minist&eacute;rio de Desenvolvimento Agr&aacute;rio confirmaram a visita da presidenta Dilma Rousseff ao Paran&aacute; na pr&oacute;xima ter&ccedil;a-feira, 12. Dilma e os ministros Afonso Florence (Desenvolvimento Agr&aacute;rio) e Gleisi Hoffmann (Casa Civil) v&atilde;o lan&ccedil;ar o Plano Safra 2011\/2012 da agricultura familiar em Francisco Beltr&atilde;o.<\/p>\n<p>O lan&ccedil;amento ser&aacute; &agrave;s 11h no Centro de Eventos do Parque Jayme Canet J&uacute;nior no bairro Minigua&ccedil;u. Ser&atilde;o disponibilizados R$ 16 bilh&otilde;es em cr&eacute;dito para o setor e, por meio de medidas de incentivo, a inten&ccedil;&atilde;o do governo federal &eacute; de ampliar a abrang&ecirc;ncia dessa pol&iacute;tica p&uacute;blica, com, por exemplo, a redu&ccedil;&atilde;o pela metade das taxas de juros.<\/p>\n","protected":false},"excerpt":{"rendered":"<p>O Pal\u00e1cio do Planalto e o Minist\u00e9rio de Desenvolvimento Agr\u00e1rio confirmaram a visita da presidenta Dilma Rousseff ao Paran\u00e1 na pr\u00f3xima ter\u00e7a-feira, 12. Dilma e os ministros Afonso Florence (Desenvolvimento Agr\u00e1rio) e Gleisi Hoffmann (Casa Civil) v\u00e3o lan\u00e7ar o Plano Safra 2011\/2012 da agricultura familiar em Francisco Beltr\u00e3o.<\/p>\n<p>O lan\u00e7amento ser\u00e1 \u00e0s 11h no Centro de Eventos do Parque Jayme Canet J\u00fanior no bairro Minigua\u00e7u. Ser\u00e3o disponibilizados R$ 16 bilh\u00f5es em cr\u00e9dito para o setor e, por meio de medidas de incentivo, a inten\u00e7\u00e3o do governo federal \u00e9 de ampliar a abrang\u00eancia dessa pol\u00edtica p\u00fablica, com, por exemplo, a redu\u00e7\u00e3o pela metade das taxas de juros.<\/p>\n","protected":false},"author":1,"featured_media":29738,"comment_status":"open","ping_status":"open","sticky":false,"template":"","format":"standard","meta":{"footnotes":""},"categories":[1],"tags":[601,106,720],"class_list":["post-29739","post","type-post","status-publish","format-standard","has-post-thumbnail","hentry","category-noticias-zeca-dirceu","tag-dilma","tag-plano-safra","tag-visita"],"_links":{"self":[{"href":"https:\/\/teste.bsb.br\/zeca\/wp-json\/wp\/v2\/posts\/29739","targetHints":{"allow":["GET"]}}],"collection":[{"href":"https:\/\/teste.bsb.br\/zeca\/wp-json\/wp\/v2\/posts"}],"about":[{"href":"https:\/\/teste.bsb.br\/zeca\/wp-json\/wp\/v2\/types\/post"}],"author":[{"embeddable":true,"href":"https:\/\/teste.bsb.br\/zeca\/wp-json\/wp\/v2\/users\/1"}],"replies":[{"embeddable":true,"href":"https:\/\/teste.bsb.br\/zeca\/wp-json\/wp\/v2\/comments?post=29739"}],"version-history":[{"count":0,"href":"https:\/\/teste.bsb.br\/zeca\/wp-json\/wp\/v2\/posts\/29739\/revisions"}],"wp:featuredmedia":[{"embeddable":true,"href":"https:\/\/teste.bsb.br\/zeca\/wp-json\/wp\/v2\/media\/29738"}],"wp:attachment":[{"href":"https:\/\/teste.bsb.br\/zeca\/wp-json\/wp\/v2\/media?parent=29739"}],"wp:term":[{"taxonomy":"category","embeddable":true,"href":"https:\/\/teste.bsb.br\/zeca\/wp-json\/wp\/v2\/categories?post=29739"},{"taxonomy":"post_tag","embeddable":true,"href":"https:\/\/teste.bsb.br\/zeca\/wp-json\/wp\/v2\/tags?post=29739"}],"curies":[{"name":"wp","href":"https:\/\/api.w.org\/{rel}","templated":true}]}}