{"id":29715,"date":"2011-07-09T00:00:00","date_gmt":"2011-07-09T03:00:00","guid":{"rendered":"https:\/\/www.zecadirceu.com.br\/campanha-de-vacinacao-contra-o-sarampo-sera-entre-13-de-agosto-e-16-de-setembro\/"},"modified":"2011-07-09T00:00:00","modified_gmt":"2011-07-09T03:00:00","slug":"campanha-de-vacinacao-contra-o-sarampo-sera-entre-13-de-agosto-e-16-de-setembro","status":"publish","type":"post","link":"https:\/\/teste.bsb.br\/zeca\/campanha-de-vacinacao-contra-o-sarampo-sera-entre-13-de-agosto-e-16-de-setembro\/","title":{"rendered":"Campanha de vacina\u00e7\u00e3o contra o sarampo ser\u00e1 entre 13 de agosto e 16 de setembro"},"content":{"rendered":"<p>O Minist&eacute;rio da Sa&uacute;de informou que o SUS vacinou 14 milh&otilde;es de crian&ccedil;as contra a p&oacute;lio. Esse total, representa 98,21% do p&uacute;blico alvo &#8211; crian&ccedil;as de zero a menores de cinco anos. Em agosto, come&ccedil;a a segunda etapa da campanha.<\/p>\n<p>Entre 13 de agosto a 16 setembro, come&ccedil;a a campanha nacional de vacina&ccedil;&atilde;o contra o sarampo. Crian&ccedil;as de 1 ano a 7 anos v&atilde;o receber a vacina. O sarampo &eacute; uma doen&ccedil;a aguda e contagiosa. Os sintomas mais comuns s&atilde;o febre, tosse seca, exantema (manchas avermelhadas), coriza e conjuntivite.<\/p>\n<p>A transmiss&atilde;o ocorre de pessoa a pessoa, por meio de secre&ccedil;&otilde;es expelidas pelo doente ao tossir, falar ou respirar. O per&iacute;odo de transmiss&atilde;o varia de quatro a seis dias antes do aparecimento do exantema at&eacute; quatro dias ap&oacute;s o surgimento das manchas. A vacina &eacute; o meio mais eficaz de preven&ccedil;&atilde;o.<\/p>\n","protected":false},"excerpt":{"rendered":"<p>O Minist\u00e9rio da Sa\u00fade informou que o SUS vacinou 14 milh\u00f5es de crian\u00e7as contra a p\u00f3lio. Esse total, representa 98,21% do p\u00fablico alvo &#8211; crian\u00e7as de zero a menores de cinco anos. Em agosto, come\u00e7a a segunda etapa da campanha.<\/p>\n<p>Entre 13 de agosto a 16 setembro, come\u00e7a tamb\u00e9m a campanha nacional de vacina\u00e7\u00e3o contra o sarampo. Crian\u00e7as de 1 ano a 7 anos v\u00e3o receber a vacina. O sarampo \u00e9 uma doen\u00e7a aguda e contagiosa. Os sintomas mais comuns s\u00e3o febre, tosse seca, exantema (manchas avermelhadas), coriza e conjuntivite.<\/p>\n","protected":false},"author":1,"featured_media":29714,"comment_status":"open","ping_status":"open","sticky":false,"template":"","format":"standard","meta":{"footnotes":""},"categories":[1],"tags":[7087],"class_list":["post-29715","post","type-post","status-publish","format-standard","has-post-thumbnail","hentry","category-noticias-zeca-dirceu","tag-sarampo"],"_links":{"self":[{"href":"https:\/\/teste.bsb.br\/zeca\/wp-json\/wp\/v2\/posts\/29715","targetHints":{"allow":["GET"]}}],"collection":[{"href":"https:\/\/teste.bsb.br\/zeca\/wp-json\/wp\/v2\/posts"}],"about":[{"href":"https:\/\/teste.bsb.br\/zeca\/wp-json\/wp\/v2\/types\/post"}],"author":[{"embeddable":true,"href":"https:\/\/teste.bsb.br\/zeca\/wp-json\/wp\/v2\/users\/1"}],"replies":[{"embeddable":true,"href":"https:\/\/teste.bsb.br\/zeca\/wp-json\/wp\/v2\/comments?post=29715"}],"version-history":[{"count":0,"href":"https:\/\/teste.bsb.br\/zeca\/wp-json\/wp\/v2\/posts\/29715\/revisions"}],"wp:featuredmedia":[{"embeddable":true,"href":"https:\/\/teste.bsb.br\/zeca\/wp-json\/wp\/v2\/media\/29714"}],"wp:attachment":[{"href":"https:\/\/teste.bsb.br\/zeca\/wp-json\/wp\/v2\/media?parent=29715"}],"wp:term":[{"taxonomy":"category","embeddable":true,"href":"https:\/\/teste.bsb.br\/zeca\/wp-json\/wp\/v2\/categories?post=29715"},{"taxonomy":"post_tag","embeddable":true,"href":"https:\/\/teste.bsb.br\/zeca\/wp-json\/wp\/v2\/tags?post=29715"}],"curies":[{"name":"wp","href":"https:\/\/api.w.org\/{rel}","templated":true}]}}