{"id":29711,"date":"2011-07-10T00:00:00","date_gmt":"2011-07-10T03:00:00","guid":{"rendered":"https:\/\/www.zecadirceu.com.br\/minha-conversa-afiada-na-secao-notas-politicas-da-gazeta-do-povo-deste-domingo-10\/"},"modified":"2011-07-10T00:00:00","modified_gmt":"2011-07-10T03:00:00","slug":"minha-conversa-afiada-na-secao-notas-politicas-da-gazeta-do-povo-deste-domingo-10","status":"publish","type":"post","link":"https:\/\/teste.bsb.br\/zeca\/minha-conversa-afiada-na-secao-notas-politicas-da-gazeta-do-povo-deste-domingo-10\/","title":{"rendered":"Minha &#8220;conversa afiada&#8221; na se\u00e7\u00e3o Notas Pol\u00edticas da Gazeta do Povo deste domingo, 10"},"content":{"rendered":"<p><strong>Quais os planos do PT para o Paran&aacute; em 2012?<\/strong><br \/>\nO PT ter&aacute; candidaturas pr&oacute;prias em mais de cem cidades do estado. No nosso planejamento, que foi feito no in&iacute;cio do ano, a meta &eacute; governar 50 delas. Das dez maiores, queremos governar pelo menos tr&ecirc;s. Hoje, algumas cidades j&aacute; se apresentam com candidaturas pr&oacute;prias vi&aacute;veis, entre elas Foz do Igua&ccedil;u &#91;Jorge Samek], Maring&aacute; &#91;&Ecirc;nio Verri] e Ponta Grossa &#91;P&eacute;ricles de Mello].<\/p>\n<p><strong>E Curitiba?<br \/>\n<\/strong>Curitiba ainda depende de decis&otilde;es pol&iacute;ticas de outras lideran&ccedil;as, outros partidos, mas sempre &eacute; considerada uma cidade estrat&eacute;gica e importante.<\/p>\n<p><strong>Atualmente o PT &eacute; minoria na C&acirc;mara de Curitiba e na Assembleia. &Eacute; uma situa&ccedil;&atilde;o dif&iacute;cil?<\/strong><br \/>\nO que tenho visto &eacute; que os vereadores de Curitiba e os deputados fazem &eacute; articular, orientar e conduzir pol&iacute;ticas p&uacute;blicas que o governo federal est&aacute; implantando no Brasil e que beneficiam muito o Paran&aacute;. N&atilde;o acho que as nossas lideran&ccedil;as pol&iacute;ticas est&atilde;o em uma situa&ccedil;&atilde;o dif&iacute;cil, est&atilde;o em uma situa&ccedil;&atilde;o muito proativa, positiva, e est&atilde;o conseguindo se comunicar com a sociedade.<\/p>\n","protected":false},"excerpt":{"rendered":"<p>Quais os planos do PT para o Paran\u00e1 em 2012?<br \/>\nO PT ter\u00e1 candidaturas pr\u00f3prias em mais de cem cidades do estado. No nosso planejamento, que foi feito no in\u00edcio do ano, a meta \u00e9 governar 50 delas. Das dez maiores, queremos governar pelo menos tr\u00eas. Hoje, algumas cidades j\u00e1 se apresentam com candidaturas pr\u00f3prias vi\u00e1veis, entre elas Foz do Igua\u00e7u [Jorge Samek], Maring\u00e1 [\u00canio Verri] e Ponta Grossa [P\u00e9ricles de Mello].<\/p>\n<p>E Curitiba?<br \/>\nCuritiba ainda depende de decis\u00f5es pol\u00edticas de outras lideran\u00e7as, outros partidos, mas sempre \u00e9 considerada uma cidade estrat\u00e9gica e importante. <\/p>\n<p>Atualmente o PT \u00e9 minoria na C\u00e2mara de Curitiba e na Assembleia. \u00c9 uma situa\u00e7\u00e3o dif\u00edcil?<br \/>\nO que tenho visto \u00e9 que os vereadores de Curitiba e os deputados fazem \u00e9 articular, orientar e conduzir pol\u00edticas p\u00fablicas que o governo federal est\u00e1 implantando no Brasil e que beneficiam muito o Paran\u00e1. N\u00e3o acho que as nossas lideran\u00e7as pol\u00edticas est\u00e3o em uma situa\u00e7\u00e3o dif\u00edcil, est\u00e3o em uma situa\u00e7\u00e3o muito proativa, positiva, e est\u00e3o conseguindo se comunicar com a sociedade<\/p>\n","protected":false},"author":1,"featured_media":29710,"comment_status":"open","ping_status":"open","sticky":false,"template":"","format":"standard","meta":{"footnotes":""},"categories":[1],"tags":[118,125],"class_list":["post-29711","post","type-post","status-publish","format-standard","has-post-thumbnail","hentry","category-noticias-zeca-dirceu","tag-entrevista","tag-zeca-dirceu"],"_links":{"self":[{"href":"https:\/\/teste.bsb.br\/zeca\/wp-json\/wp\/v2\/posts\/29711","targetHints":{"allow":["GET"]}}],"collection":[{"href":"https:\/\/teste.bsb.br\/zeca\/wp-json\/wp\/v2\/posts"}],"about":[{"href":"https:\/\/teste.bsb.br\/zeca\/wp-json\/wp\/v2\/types\/post"}],"author":[{"embeddable":true,"href":"https:\/\/teste.bsb.br\/zeca\/wp-json\/wp\/v2\/users\/1"}],"replies":[{"embeddable":true,"href":"https:\/\/teste.bsb.br\/zeca\/wp-json\/wp\/v2\/comments?post=29711"}],"version-history":[{"count":0,"href":"https:\/\/teste.bsb.br\/zeca\/wp-json\/wp\/v2\/posts\/29711\/revisions"}],"wp:featuredmedia":[{"embeddable":true,"href":"https:\/\/teste.bsb.br\/zeca\/wp-json\/wp\/v2\/media\/29710"}],"wp:attachment":[{"href":"https:\/\/teste.bsb.br\/zeca\/wp-json\/wp\/v2\/media?parent=29711"}],"wp:term":[{"taxonomy":"category","embeddable":true,"href":"https:\/\/teste.bsb.br\/zeca\/wp-json\/wp\/v2\/categories?post=29711"},{"taxonomy":"post_tag","embeddable":true,"href":"https:\/\/teste.bsb.br\/zeca\/wp-json\/wp\/v2\/tags?post=29711"}],"curies":[{"name":"wp","href":"https:\/\/api.w.org\/{rel}","templated":true}]}}