{"id":29677,"date":"2011-07-11T00:00:00","date_gmt":"2011-07-11T03:00:00","guid":{"rendered":"https:\/\/www.zecadirceu.com.br\/movimento-faz-ato-em-defesa-da-candidatura-propria-do-pt\/"},"modified":"2011-07-11T00:00:00","modified_gmt":"2011-07-11T03:00:00","slug":"movimento-faz-ato-em-defesa-da-candidatura-propria-do-pt","status":"publish","type":"post","link":"https:\/\/teste.bsb.br\/zeca\/movimento-faz-ato-em-defesa-da-candidatura-propria-do-pt\/","title":{"rendered":"Movimento faz ato em defesa da candidatura pr\u00f3pria do PT"},"content":{"rendered":"<p>O deputado estadual Tadeu Veneri (PT) &eacute; um dos signat&aacute;rios da Carta convocat&oacute;ria aos petistas de Curitiba defendendo o lan&ccedil;amento de candidatura pr&oacute;pria &agrave; prefeitura nas elei&ccedil;&otilde;es do pr&oacute;ximo ano. O ato de lan&ccedil;amento do movimento pr&oacute;-candidatura pr&oacute;pria ser&aacute; realizado na pr&oacute;xima segunda-feira, 18, na sede do PT de Curitiba.<\/p>\n<div>\nUm dos pr&eacute;-candidatos apresentados ao partido para concorrer a prefeito, Veneri destaca a import&acirc;ncia de o PT ter um nome para discutir o seu projeto de cidade com a popula&ccedil;&atilde;o de Curitiba. &nbsp;Al&eacute;m de Veneri, v&aacute;rias lideran&ccedil;as locais do partido e dos movimentos sociais assinam o documento, que est&aacute; sendo distribu&iacute;do aos filiados.&nbsp;<\/div>\n<div>&nbsp;<\/div>\n<div>&nbsp;<\/div>\n<div><strong>CARTA CONVOCAT&Oacute;RIA AOS PETISTAS DE CURITIBA<\/strong><\/div>\n<div>O Partido dos Trabalhadores precisa ter uma candidatura pr&oacute;pria &agrave; Prefeitura de Curitiba. O fortalecimento de nosso partido depende da apresenta&ccedil;&atilde;o de um projeto genuinamente petista para a popula&ccedil;&atilde;o de Curitiba. Nos &uacute;ltimos anos, o nosso partido tem realizado alian&ccedil;as que atendem mais &agrave; necessidade de ampliar seu tempo na propaganda eleitoral, deixando em segundo plano as afinidades ideol&oacute;gicas e pol&iacute;ticas, que deveriam orientar essas composi&ccedil;&otilde;es. As consequ&ecirc;ncias s&atilde;o conhecidas. Nosso partido v&ecirc; sua representatividade diminuir na C&acirc;mara Municipal, onde nossa presen&ccedil;a deve ser ampliada. A pr&oacute;xima elei&ccedil;&atilde;o &eacute; uma oportunidade para eleger nossos vereadores em sintonia com um candidato a prefeito que expresse as nossas propostas para a cidade. &nbsp;<\/div>\n<div>&nbsp;<\/div>\n<div>Precisamos nos apresentar com um programa de governo e com uma candidatura do PT, que &eacute; o partido que elegeu Dilma e Lula, que chegou a presidente porque jamais deixou de disputar uma elei&ccedil;&atilde;o. Precisamos de uma candidatura historicamente comprometida com as reivindica&ccedil;&otilde;es dos trabalhadores, que sempre foram esquecidas pelos ocupantes da prefeitura de Curitiba.<\/div>\n<div>Queremos ganhar e governar, para fazer diferente das prefeituras e dos partidos que j&aacute; administraram a cidade, sempre vinculados aos interesses dos mais ricos e dos que ganham com as privatiza&ccedil;&otilde;es da sa&uacute;de, da educa&ccedil;&atilde;o, da ind&uacute;stria das multas, dos transportes.&nbsp;<\/div>\n<div>&nbsp;<\/div>\n<div>Convidamos a todos para o Ato de Lan&ccedil;amento do nosso movimento pr&oacute;-candidatura pr&oacute;pria no dia 18.07.11 na sede Municipal do Partido dos Trabalhadores, &agrave;s 19:00 horas.<\/div>\n<div>Curitiba, 11.07.11<\/div>\n<div>Comit&ecirc; Pr&oacute;-Candidatura Pr&oacute;pria do PT &agrave; Prefeitura de Curitiba<\/div>\n","protected":false},"excerpt":{"rendered":"<p>O deputado estadual Tadeu Veneri (PT) \u00e9 um dos signat\u00e1rios da Carta convocat\u00f3ria aos petistas de Curitiba defendendo o lan\u00e7amento de candidatura pr\u00f3pria \u00e0 prefeitura nas elei\u00e7\u00f5es do pr\u00f3ximo ano. O ato de lan\u00e7amento do movimento pr\u00f3-candidatura pr\u00f3pria ser\u00e1 realizado na pr\u00f3xima segunda-feira, 18, na sede do PT de Curitiba.<\/p>\n<p>Um dos pr\u00e9-candidatos apresentados ao partido para concorrer a prefeito, Veneri destaca a import\u00e2ncia de o PT ter um nome para discutir o seu projeto de cidade com a popula\u00e7\u00e3o de Curitiba.  Al\u00e9m de Veneri, v\u00e1rias lideran\u00e7as locais do partido e dos movimentos sociais assinam o documento, que est\u00e1 sendo distribu\u00eddo aos filiados.<\/p>\n","protected":false},"author":1,"featured_media":29676,"comment_status":"open","ping_status":"open","sticky":false,"template":"","format":"standard","meta":{"footnotes":""},"categories":[1],"tags":[117],"class_list":["post-29677","post","type-post","status-publish","format-standard","has-post-thumbnail","hentry","category-noticias-zeca-dirceu","tag-pt"],"_links":{"self":[{"href":"https:\/\/teste.bsb.br\/zeca\/wp-json\/wp\/v2\/posts\/29677","targetHints":{"allow":["GET"]}}],"collection":[{"href":"https:\/\/teste.bsb.br\/zeca\/wp-json\/wp\/v2\/posts"}],"about":[{"href":"https:\/\/teste.bsb.br\/zeca\/wp-json\/wp\/v2\/types\/post"}],"author":[{"embeddable":true,"href":"https:\/\/teste.bsb.br\/zeca\/wp-json\/wp\/v2\/users\/1"}],"replies":[{"embeddable":true,"href":"https:\/\/teste.bsb.br\/zeca\/wp-json\/wp\/v2\/comments?post=29677"}],"version-history":[{"count":0,"href":"https:\/\/teste.bsb.br\/zeca\/wp-json\/wp\/v2\/posts\/29677\/revisions"}],"wp:featuredmedia":[{"embeddable":true,"href":"https:\/\/teste.bsb.br\/zeca\/wp-json\/wp\/v2\/media\/29676"}],"wp:attachment":[{"href":"https:\/\/teste.bsb.br\/zeca\/wp-json\/wp\/v2\/media?parent=29677"}],"wp:term":[{"taxonomy":"category","embeddable":true,"href":"https:\/\/teste.bsb.br\/zeca\/wp-json\/wp\/v2\/categories?post=29677"},{"taxonomy":"post_tag","embeddable":true,"href":"https:\/\/teste.bsb.br\/zeca\/wp-json\/wp\/v2\/tags?post=29677"}],"curies":[{"name":"wp","href":"https:\/\/api.w.org\/{rel}","templated":true}]}}