{"id":29675,"date":"2011-07-11T00:00:00","date_gmt":"2011-07-11T03:00:00","guid":{"rendered":"https:\/\/www.zecadirceu.com.br\/curitiba-vai-sediar-convencao-internacional-de-quadrinhos\/"},"modified":"2011-07-11T00:00:00","modified_gmt":"2011-07-11T03:00:00","slug":"curitiba-vai-sediar-convencao-internacional-de-quadrinhos","status":"publish","type":"post","link":"https:\/\/teste.bsb.br\/zeca\/curitiba-vai-sediar-convencao-internacional-de-quadrinhos\/","title":{"rendered":"Curitiba vai sediar conven\u00e7\u00e3o internacional de quadrinhos"},"content":{"rendered":"<p>Curitiba vai sediar nos pr&oacute;ximos dias 15 a 17, a Gibicon n&deg;0 &ndash; Conven&ccedil;&atilde;o Internacional de Quadrinhos de Curitiba &ndash; evento in&eacute;dito no sul do pa&iacute;s. Para estes tr&ecirc;s dias est&atilde;o programadas palestras, oficinas, lan&ccedil;amentos de livros, sess&otilde;es de aut&oacute;grafos e exposi&ccedil;&otilde;es com a presen&ccedil;a de artistas gr&aacute;ficos do Brasil, Argentina, It&aacute;lia, Fran&ccedil;a e Alemanha. Todas as atividades s&atilde;o gratuitas e acontecer&atilde;o no Memorial da Curitiba, Solar do Bar&atilde;o, Sesc Pa&ccedil;o da Liberdade, Instituto Goethe, Alian&ccedil;a Francesa, Instituto Cervantes e Joker&rsquo;s Pub.<\/p>\n<div>&nbsp;<\/div>\n<div>Na pr&oacute;xima quinta-feira, 14, ocorre o pr&eacute; Gibicon, no Instituto Goethe, com a abertura da exposi&ccedil;&atilde;o Die Evolution in Bilden (A evolu&ccedil;&atilde;o em imagens), e a presen&ccedil;a de Jens Harder, conhecido por sua inova&ccedil;&atilde;o na linguagem dos quadrinhos e premiado em Angoul&ecirc;me 2010 pelo HQ Alpha. A abertura da Gibicon ser&aacute; na sexta-feira, 15, a partir das 21 horas, no Joker&rsquo;s, onde tamb&eacute;m ser&aacute; aberta a exposi&ccedil;&atilde;o do desenhista brasileiro Joe Bennett, que far&aacute; uma sess&atilde;o de aut&oacute;grafos.<\/div>\n<div>&nbsp;<\/div>\n<div>Entre os destaques da Gibicon n&ordm;0 est&atilde;o os quadrinistas internacionais Fabio Civitelli, Herv&eacute; Bourhis, Lucio Filippucci e Salvador Sanz. Vinte dos principais autores brasileiros estar&atilde;o presentes, entre eles Louren&ccedil;o Mutarelli, F&aacute;bio Moon e Gabriel B&aacute;. H&aacute; tamb&eacute;m espa&ccedil;o de destaque para Seto &ndash; o Samurai de Curitiba, e os quadrinhos curitibanos.<\/div>\n<div>&nbsp;<\/div>\n<div>A Gibicon &eacute; uma pr&eacute;via das comemora&ccedil;&otilde;es dos 30 anos da Gibiteca de Curitiba, que acontecer&aacute; em 2012. &ldquo;Os artistas presentes na edi&ccedil;&atilde;o zero da Gibicon far&atilde;o uma amostra do que planejamos para o ano que vem. Agora ser&aacute; uma conven&ccedil;&atilde;o curta que far&aacute; de Curitiba a capital mundial dos quadrinhos. Buscamos valorizar os artistas locais ao mesmo tempo que programamos trazer os internacionais, promovendo o interc&acirc;mbio profissional e intelectual&rdquo;, disse o coordenador e curador art&iacute;stico do evento, Jos&eacute; Aguiar.<\/div>\n<div>&nbsp;<\/div>\n<div>A curadoria da Gibicon fez tamb&eacute;m parceria com o Festival Internacional de Quadrinhos de Roma &#8211; Romics. O diretor do Festival de Roma, Luca Raffaelli, estar&aacute; em Curitiba para falar do mercado europeu de quadrinhos e, especificamente, dos quadrinhos italianos, junto com Tommaso D&rsquo;Alessandro, que &eacute; agente de quadrinhos e estar&aacute; olhando portf&oacute;lios para revelar novos talentos.<\/div>\n","protected":false},"excerpt":{"rendered":"<p>Curitiba vai sediar nos pr\u00f3ximos dias 15 a 17, a Gibicon n\u00b00 \u2013 Conven\u00e7\u00e3o Internacional de Quadrinhos de Curitiba \u2013 evento in\u00e9dito no sul do pa\u00eds. Para estes tr\u00eas dias est\u00e3o programadas palestras, oficinas, lan\u00e7amentos de livros, sess\u00f5es de aut\u00f3grafos e exposi\u00e7\u00f5es com a presen\u00e7a de artistas gr\u00e1ficos do Brasil, Argentina, It\u00e1lia, Fran\u00e7a e Alemanha. Todas as atividades s\u00e3o gratuitas e acontecer\u00e3o no Memorial da Curitiba, Solar do Bar\u00e3o, Sesc Pa\u00e7o da Liberdade, Instituto Goethe, Alian\u00e7a Francesa, Instituto Cervantes e Joker\u2019s Pub.<\/p>\n<p>Na pr\u00f3xima quinta-feira, 14, ocorre o pr\u00e9 Gibicon, no Instituto Goethe, com a abertura da exposi\u00e7\u00e3o Die Evolution in Bilden (A evolu\u00e7\u00e3o em imagens), e a presen\u00e7a de Jens Harder, conhecido por sua inova\u00e7\u00e3o na linguagem dos quadrinhos e premiado em Angoul\u00eame 2010 pelo HQ Alpha. A abertura da Gibicon ser\u00e1 na sexta-feira, 15, a partir das 21 horas, no Joker\u2019s, onde tamb\u00e9m ser\u00e1 aberta a exposi\u00e7\u00e3o do desenhista brasileiro Joe Bennett, que far\u00e1 uma sess\u00e3o de aut\u00f3grafos.<\/p>\n","protected":false},"author":1,"featured_media":29674,"comment_status":"open","ping_status":"open","sticky":false,"template":"","format":"standard","meta":{"footnotes":""},"categories":[1],"tags":[132],"class_list":["post-29675","post","type-post","status-publish","format-standard","has-post-thumbnail","hentry","category-noticias-zeca-dirceu","tag-cultura"],"_links":{"self":[{"href":"https:\/\/teste.bsb.br\/zeca\/wp-json\/wp\/v2\/posts\/29675","targetHints":{"allow":["GET"]}}],"collection":[{"href":"https:\/\/teste.bsb.br\/zeca\/wp-json\/wp\/v2\/posts"}],"about":[{"href":"https:\/\/teste.bsb.br\/zeca\/wp-json\/wp\/v2\/types\/post"}],"author":[{"embeddable":true,"href":"https:\/\/teste.bsb.br\/zeca\/wp-json\/wp\/v2\/users\/1"}],"replies":[{"embeddable":true,"href":"https:\/\/teste.bsb.br\/zeca\/wp-json\/wp\/v2\/comments?post=29675"}],"version-history":[{"count":0,"href":"https:\/\/teste.bsb.br\/zeca\/wp-json\/wp\/v2\/posts\/29675\/revisions"}],"wp:featuredmedia":[{"embeddable":true,"href":"https:\/\/teste.bsb.br\/zeca\/wp-json\/wp\/v2\/media\/29674"}],"wp:attachment":[{"href":"https:\/\/teste.bsb.br\/zeca\/wp-json\/wp\/v2\/media?parent=29675"}],"wp:term":[{"taxonomy":"category","embeddable":true,"href":"https:\/\/teste.bsb.br\/zeca\/wp-json\/wp\/v2\/categories?post=29675"},{"taxonomy":"post_tag","embeddable":true,"href":"https:\/\/teste.bsb.br\/zeca\/wp-json\/wp\/v2\/tags?post=29675"}],"curies":[{"name":"wp","href":"https:\/\/api.w.org\/{rel}","templated":true}]}}