{"id":29671,"date":"2011-07-11T00:00:00","date_gmt":"2011-07-11T03:00:00","guid":{"rendered":"https:\/\/www.zecadirceu.com.br\/150-mil-visitam-exposicao-e-a-festa-do-carneiro-no-buraco-de-campo-mourao\/"},"modified":"2011-07-11T00:00:00","modified_gmt":"2011-07-11T03:00:00","slug":"150-mil-visitam-exposicao-e-a-festa-do-carneiro-no-buraco-de-campo-mourao","status":"publish","type":"post","link":"https:\/\/teste.bsb.br\/zeca\/150-mil-visitam-exposicao-e-a-festa-do-carneiro-no-buraco-de-campo-mourao\/","title":{"rendered":"150 mil visitam exposi\u00e7\u00e3o e a Festa do Carneiro no Buraco de Campo Mour\u00e3o"},"content":{"rendered":"<p>&nbsp;Mais de 150 mil pessoas passaram nos &uacute;ltimos cinco dias pelo Parque de Exposi&ccedil;&otilde;es Get&uacute;lio Ferrari para a 21&ordf; Festa Nacional do Carneiro no Buraco e a<span style=\"mso-spacerun:yes\">&nbsp; <\/span>Exposi&ccedil;&atilde;o Feira Agropecu&aacute;ria, Comercial e Industrial de Campo Mour&atilde;o, no Noroeste do Paran&aacute;.<\/p>\n<p class=\"MsoNormal\"><o:p>&nbsp;<\/o:p><\/p>\n<p class=\"MsoNormal\">No domingo (10), mais de 150 tachos foram preparados para servir o carneiro no buraco para mais de 10 mil pessoas, que lotaram as 13 barracas de institui&ccedil;&otilde;es sociais. Como de costume, toda a arrecada&ccedil;&atilde;o da festa &eacute; destinada para manuten&ccedil;&atilde;o de entidades sociais de Campo Mour&atilde;o.<\/p>\n<p class=\"MsoNormal\"><o:p>&nbsp;<\/o:p><\/p>\n<p class=\"MsoNormal\">O presidente da festa e Secret&aacute;rio do Desenvolvimento Econ&ocirc;mico do Munic&iacute;pio, Alcione Jacob de Souza, disse que o evento transformou toda a cidade.<\/p>\n<p class=\"MsoNormal\"><o:p>&nbsp;<\/o:p><\/p>\n<p class=\"MsoNormal\">A Festa &eacute; organizada pelo munic&iacute;pio, em parceria com Sindicato Rural e Assercam. O prefeito Nelson Tureck recepcionou pessoalmente os visitantes.<\/p>\n","protected":false},"excerpt":{"rendered":"<p>Mais de 150 mil pessoas passaram nos \u00faltimos cinco dias pelo Parque de Exposi\u00e7\u00f5es Get\u00falio Ferrari para a 21\u00aa Festa Nacional do Carneiro no Buraco e a  Exposi\u00e7\u00e3o Feira Agropecu\u00e1ria, Comercial e Industrial de Campo Mour\u00e3o, no Noroeste do Paran\u00e1.<\/p>\n<p>No domingo (10), mais de 150 tachos foram preparados para servir o carneiro no buraco para mais de 10 mil pessoas, que lotaram as 13 barracas de institui\u00e7\u00f5es sociais. Como de costume, toda a arrecada\u00e7\u00e3o da festa \u00e9 destinada para manuten\u00e7\u00e3o de entidades sociais de Campo Mour\u00e3o<\/p>\n","protected":false},"author":1,"featured_media":29670,"comment_status":"open","ping_status":"open","sticky":false,"template":"","format":"standard","meta":{"footnotes":""},"categories":[1],"tags":[7080],"class_list":["post-29671","post","type-post","status-publish","format-standard","has-post-thumbnail","hentry","category-noticias-zeca-dirceu","tag-150-mil-visitam-exposicao-e-a-festa-do-carneiro-no-buraco-de-campo-mourao"],"_links":{"self":[{"href":"https:\/\/teste.bsb.br\/zeca\/wp-json\/wp\/v2\/posts\/29671","targetHints":{"allow":["GET"]}}],"collection":[{"href":"https:\/\/teste.bsb.br\/zeca\/wp-json\/wp\/v2\/posts"}],"about":[{"href":"https:\/\/teste.bsb.br\/zeca\/wp-json\/wp\/v2\/types\/post"}],"author":[{"embeddable":true,"href":"https:\/\/teste.bsb.br\/zeca\/wp-json\/wp\/v2\/users\/1"}],"replies":[{"embeddable":true,"href":"https:\/\/teste.bsb.br\/zeca\/wp-json\/wp\/v2\/comments?post=29671"}],"version-history":[{"count":0,"href":"https:\/\/teste.bsb.br\/zeca\/wp-json\/wp\/v2\/posts\/29671\/revisions"}],"wp:featuredmedia":[{"embeddable":true,"href":"https:\/\/teste.bsb.br\/zeca\/wp-json\/wp\/v2\/media\/29670"}],"wp:attachment":[{"href":"https:\/\/teste.bsb.br\/zeca\/wp-json\/wp\/v2\/media?parent=29671"}],"wp:term":[{"taxonomy":"category","embeddable":true,"href":"https:\/\/teste.bsb.br\/zeca\/wp-json\/wp\/v2\/categories?post=29671"},{"taxonomy":"post_tag","embeddable":true,"href":"https:\/\/teste.bsb.br\/zeca\/wp-json\/wp\/v2\/tags?post=29671"}],"curies":[{"name":"wp","href":"https:\/\/api.w.org\/{rel}","templated":true}]}}