{"id":29667,"date":"2011-07-12T00:00:00","date_gmt":"2011-07-12T03:00:00","guid":{"rendered":"https:\/\/www.zecadirceu.com.br\/acompanho-a-presidenta-dilma-hoje-as-11h-em-francisco-beltrao-no-parana\/"},"modified":"2011-07-12T00:00:00","modified_gmt":"2011-07-12T03:00:00","slug":"acompanho-a-presidenta-dilma-hoje-as-11h-em-francisco-beltrao-no-parana","status":"publish","type":"post","link":"https:\/\/teste.bsb.br\/zeca\/acompanho-a-presidenta-dilma-hoje-as-11h-em-francisco-beltrao-no-parana\/","title":{"rendered":"Acompanho a presidenta Dilma hoje \u00e0s 11h em Francisco Beltr\u00e3o no Paran\u00e1"},"content":{"rendered":"<p>J&aacute; estou em Francisco Beltr&atilde;o, no Sudoeste do Paran&aacute;, e acompanho a presidenta Dilma Rousseff que chega a cidade &agrave;s 11h. Dilma e os ministros Afonso Florence (Desenvolvimento Agr&aacute;rio), Wagner Rossi (Agricultura)&nbsp;e Gleisi Hoffmann (Casa Civil) v&atilde;o lan&ccedil;ar o Plano Safra 2011\/2012 da agricultura familiar.<\/p>\n<p>O lan&ccedil;amento ser&aacute; ao 12h no Centro de Eventos do Parque Jayme Canet J&uacute;nior no bairro Minigua&ccedil;u. Ser&atilde;o disponibilizados R$ 16 bilh&otilde;es em cr&eacute;dito para o setor e, por meio de medidas de incentivo, a inten&ccedil;&atilde;o do governo federal &eacute; de ampliar a abrang&ecirc;ncia dessa pol&iacute;tica p&uacute;blica, com, por exemplo, a redu&ccedil;&atilde;o pela metade das taxas de juros.<\/p>\n","protected":false},"excerpt":{"rendered":"<p>J\u00e1 estou em Francisco Beltr\u00e3o, no Sudoeste do Paran\u00e1, e acompanho a presidenta Dilma Rousseff que chega a cidade \u00e0s 11h. Dilma e os ministros Afonso Florence (Desenvolvimento Agr\u00e1rio), Wagner Rossi (Agricultura) e Gleisi Hoffmann (Casa Civil) v\u00e3o lan\u00e7ar o Plano Safra 2011\/2012 da agricultura familiar.<\/p>\n<p>O lan\u00e7amento ser\u00e1 ao 12h no Centro de Eventos do Parque Jayme Canet J\u00fanior no bairro Minigua\u00e7u. Ser\u00e3o disponibilizados R$ 16 bilh\u00f5es em cr\u00e9dito para o setor e, por meio de medidas de incentivo, a inten\u00e7\u00e3o do governo federal \u00e9 de ampliar a abrang\u00eancia dessa pol\u00edtica p\u00fablica, com, por exemplo, a redu\u00e7\u00e3o pela metade das taxas de juros.<\/p>\n","protected":false},"author":1,"featured_media":29666,"comment_status":"open","ping_status":"open","sticky":false,"template":"","format":"standard","meta":{"footnotes":""},"categories":[1],"tags":[601,720],"class_list":["post-29667","post","type-post","status-publish","format-standard","has-post-thumbnail","hentry","category-noticias-zeca-dirceu","tag-dilma","tag-visita"],"_links":{"self":[{"href":"https:\/\/teste.bsb.br\/zeca\/wp-json\/wp\/v2\/posts\/29667","targetHints":{"allow":["GET"]}}],"collection":[{"href":"https:\/\/teste.bsb.br\/zeca\/wp-json\/wp\/v2\/posts"}],"about":[{"href":"https:\/\/teste.bsb.br\/zeca\/wp-json\/wp\/v2\/types\/post"}],"author":[{"embeddable":true,"href":"https:\/\/teste.bsb.br\/zeca\/wp-json\/wp\/v2\/users\/1"}],"replies":[{"embeddable":true,"href":"https:\/\/teste.bsb.br\/zeca\/wp-json\/wp\/v2\/comments?post=29667"}],"version-history":[{"count":0,"href":"https:\/\/teste.bsb.br\/zeca\/wp-json\/wp\/v2\/posts\/29667\/revisions"}],"wp:featuredmedia":[{"embeddable":true,"href":"https:\/\/teste.bsb.br\/zeca\/wp-json\/wp\/v2\/media\/29666"}],"wp:attachment":[{"href":"https:\/\/teste.bsb.br\/zeca\/wp-json\/wp\/v2\/media?parent=29667"}],"wp:term":[{"taxonomy":"category","embeddable":true,"href":"https:\/\/teste.bsb.br\/zeca\/wp-json\/wp\/v2\/categories?post=29667"},{"taxonomy":"post_tag","embeddable":true,"href":"https:\/\/teste.bsb.br\/zeca\/wp-json\/wp\/v2\/tags?post=29667"}],"curies":[{"name":"wp","href":"https:\/\/api.w.org\/{rel}","templated":true}]}}