{"id":29633,"date":"2011-07-13T00:00:00","date_gmt":"2011-07-13T03:00:00","guid":{"rendered":"https:\/\/www.zecadirceu.com.br\/agricultura-familiar-tera-mais-dinheiro-para-financiar-a-safra-confirma-dilma\/"},"modified":"2011-07-13T00:00:00","modified_gmt":"2011-07-13T03:00:00","slug":"agricultura-familiar-tera-mais-dinheiro-para-financiar-a-safra-confirma-dilma","status":"publish","type":"post","link":"https:\/\/teste.bsb.br\/zeca\/agricultura-familiar-tera-mais-dinheiro-para-financiar-a-safra-confirma-dilma\/","title":{"rendered":"Agricultura familiar ter\u00e1 mais dinheiro para financiar a safra, confirma Dilma"},"content":{"rendered":"<p>Em Francisco Beltr&atilde;o,&nbsp;a presidenta Dilma Rousseff garantiu que, se houver demanda, ser&aacute; liberado um volume de recursos ainda maior do que os R$ 16 bilh&otilde;es anunciados pelo governo para financiar os pequenos produtores.&nbsp;&ldquo;Se houver necessidade de mais recursos, ser&atilde;o disponibilizados&rdquo;, disse a presidenta.<\/p>\n<p>Dilma Rousseff destacou a import&acirc;ncia da agricultura familiar para a produ&ccedil;&atilde;o de alimentos no Brasil e no combate &agrave; mis&eacute;ria. Ela lembrou que, durante a campanha presidencial, assumiu com os agricultores familiares o compromisso de assegurar pol&iacute;ticas p&uacute;blicas para o meio rural.<\/p>\n<p>Com o plano, o governo federal vai disponibilizar R$ 16 bilh&otilde;es para as linhas de custeio, investimento e comercializa&ccedil;&atilde;o do Programa Nacional de Fortalecimento da Agricultura Familiar (Pronaf). Pela primeria vez, a agricultura familiar ter&aacute; uma pol&iacute;tica de garantia de pre&ccedil;os m&iacute;nimos, que ir&aacute; possibilitar a compra, a pre&ccedil;os definidos, de produtos da agricultura familiar que ser&atilde;o destinados aos estoques governamentais.<\/p>\n","protected":false},"excerpt":{"rendered":"<p>Em Francisco Beltr\u00e3o, a presidenta Dilma Rousseff garantiu que, se houver demanda, ser\u00e1 liberado um volume de recursos ainda maior do que os R$ 16 bilh\u00f5es anunciados pelo governo para financiar os pequenos produtores. \u201cSe houver necessidade de mais recursos, ser\u00e3o disponibilizados\u201d, disse.<\/p>\n<p>Dilma destacou a import\u00e2ncia da agricultura familiar para a produ\u00e7\u00e3o de alimentos no Brasil e no combate \u00e0 mis\u00e9ria. Ela lembrou que, durante a campanha presidencial, assumiu com os agricultores familiares o compromisso de assegurar pol\u00edticas p\u00fablicas para o meio rural.<\/p>\n","protected":false},"author":1,"featured_media":29632,"comment_status":"open","ping_status":"open","sticky":false,"template":"","format":"standard","meta":{"footnotes":""},"categories":[1],"tags":[107,601],"class_list":["post-29633","post","type-post","status-publish","format-standard","has-post-thumbnail","hentry","category-noticias-zeca-dirceu","tag-agricultura-familiar","tag-dilma"],"_links":{"self":[{"href":"https:\/\/teste.bsb.br\/zeca\/wp-json\/wp\/v2\/posts\/29633","targetHints":{"allow":["GET"]}}],"collection":[{"href":"https:\/\/teste.bsb.br\/zeca\/wp-json\/wp\/v2\/posts"}],"about":[{"href":"https:\/\/teste.bsb.br\/zeca\/wp-json\/wp\/v2\/types\/post"}],"author":[{"embeddable":true,"href":"https:\/\/teste.bsb.br\/zeca\/wp-json\/wp\/v2\/users\/1"}],"replies":[{"embeddable":true,"href":"https:\/\/teste.bsb.br\/zeca\/wp-json\/wp\/v2\/comments?post=29633"}],"version-history":[{"count":0,"href":"https:\/\/teste.bsb.br\/zeca\/wp-json\/wp\/v2\/posts\/29633\/revisions"}],"wp:featuredmedia":[{"embeddable":true,"href":"https:\/\/teste.bsb.br\/zeca\/wp-json\/wp\/v2\/media\/29632"}],"wp:attachment":[{"href":"https:\/\/teste.bsb.br\/zeca\/wp-json\/wp\/v2\/media?parent=29633"}],"wp:term":[{"taxonomy":"category","embeddable":true,"href":"https:\/\/teste.bsb.br\/zeca\/wp-json\/wp\/v2\/categories?post=29633"},{"taxonomy":"post_tag","embeddable":true,"href":"https:\/\/teste.bsb.br\/zeca\/wp-json\/wp\/v2\/tags?post=29633"}],"curies":[{"name":"wp","href":"https:\/\/api.w.org\/{rel}","templated":true}]}}