{"id":29625,"date":"2011-07-13T00:00:00","date_gmt":"2011-07-13T03:00:00","guid":{"rendered":"https:\/\/www.zecadirceu.com.br\/ministerio-da-educacao-divulga-segunda-chamada-do-prouni\/"},"modified":"2011-07-13T00:00:00","modified_gmt":"2011-07-13T03:00:00","slug":"ministerio-da-educacao-divulga-segunda-chamada-do-prouni","status":"publish","type":"post","link":"https:\/\/teste.bsb.br\/zeca\/ministerio-da-educacao-divulga-segunda-chamada-do-prouni\/","title":{"rendered":"Minist\u00e9rio da Educa\u00e7\u00e3o divulga segunda chamada do ProUni"},"content":{"rendered":"<p>O Minist&eacute;rio da Educa&ccedil;&atilde;o divulgou o resultado da segunda chamada do ProUni no <a href=\"http:\/\/www.prouniportal.mec.gov.br\">www.prouniportal.mec.gov.br<\/a>.&nbsp; A terceira chamada sai em 25 de julho. O ProUni distribui bolsas de estudo nas escolas de educa&ccedil;&atilde;o superior privadas. S&atilde;o oferecidas bolsas integrais (100%) ou parciais (50% e 25%). Segundo o MEC, a oferta, de 92.107 bolsas &mdash; 46.970 integrais e 45.137 parciais, &eacute; um recorde na hist&oacute;ria do programa.<\/p>\n<p>O candidato pr&eacute;-selecionado dever&aacute; comparecer &agrave; respectiva escola de ensino superior para aferi&ccedil;&atilde;o das informa&ccedil;&otilde;es prestadas em sua ficha de inscri&ccedil;&atilde;o e eventual participa&ccedil;&atilde;o em processo seletivo pr&oacute;prio da institui&ccedil;&atilde;o. O prazo come&ccedil;a nesta ter&ccedil;a-feira e vai at&eacute; o dia 19 de julho.<\/p>\n<p>Para concorrer &agrave;s bolsas, os candidatos tinham de ter feito o Exame Nacional do Ensino M&eacute;dio (Enem) em 2010, ter atingido no m&iacute;nimo 400 pontos na m&eacute;dia das cinco notas do exame (ci&ecirc;ncias da natureza e suas tecnologias; ci&ecirc;ncias humanas e suas tecnologias; linguagens, c&oacute;digos e suas tecnologias; matem&aacute;tica e suas tecnologias, e a reda&ccedil;&atilde;o) e ter nota superior a zero na reda&ccedil;&atilde;o.<\/p>\n<p>Puderam se candidatar &agrave;s bolsas integrais estudantes com renda familiar, por pessoa, de at&eacute; um sal&aacute;rio m&iacute;nimo e meio. O estudante n&atilde;o pode ter nenhum curso superior. As bolsas parciais s&atilde;o destinadas a candidatos com renda familiar de at&eacute; tr&ecirc;s sal&aacute;rios m&iacute;nimos por pessoa. Al&eacute;m de ter feito o Enem 2010 e ter alcan&ccedil;ado a pontua&ccedil;&atilde;o m&iacute;nima, o candidato deve ter cursado todo o ensino m&eacute;dio em escola p&uacute;blica ou em escola particular na condi&ccedil;&atilde;o de bolsista integral.<\/p>\n<p>Professores da rede p&uacute;blica de ensino b&aacute;sico, que concorrem &agrave; bolsa em curso de licenciatura, normal superior ou pedagogia, n&atilde;o precisam cumprir o crit&eacute;rio de renda, desde que estejam em efetivo exerc&iacute;cio e integrem o quadro permanente da escola.<\/p>\n","protected":false},"excerpt":{"rendered":"<p>O Minist\u00e9rio da Educa\u00e7\u00e3o divulgou o resultado da segunda chamada do ProUni no www.prouniportal.mec.gov.br. A terceira chamada sai em 25 de julho. O programa distribui bolsas de estudo nas escolas de educa\u00e7\u00e3o superior privadas. S\u00e3o oferecidas bolsas integrais (100%) ou parciais (50% e 25%). Segundo o MEC, a oferta, de 92.107 bolsas \u2014 46.970 integrais e 45.137 parciais, \u00e9 um recorde na hist\u00f3ria do programa.<\/p>\n<p>O candidato pr\u00e9-selecionado dever\u00e1 comparecer \u00e0 respectiva escola de ensino superior para aferi\u00e7\u00e3o das informa\u00e7\u00f5es prestadas em sua ficha de inscri\u00e7\u00e3o e eventual participa\u00e7\u00e3o em processo seletivo pr\u00f3prio da institui\u00e7\u00e3o. O prazo vai at\u00e9 o dia 19 de julho.<\/p>\n","protected":false},"author":1,"featured_media":29624,"comment_status":"open","ping_status":"open","sticky":false,"template":"","format":"standard","meta":{"footnotes":""},"categories":[1],"tags":[1837,1023],"class_list":["post-29625","post","type-post","status-publish","format-standard","has-post-thumbnail","hentry","category-noticias-zeca-dirceu","tag-ministerio-da-educacao","tag-prouni"],"_links":{"self":[{"href":"https:\/\/teste.bsb.br\/zeca\/wp-json\/wp\/v2\/posts\/29625","targetHints":{"allow":["GET"]}}],"collection":[{"href":"https:\/\/teste.bsb.br\/zeca\/wp-json\/wp\/v2\/posts"}],"about":[{"href":"https:\/\/teste.bsb.br\/zeca\/wp-json\/wp\/v2\/types\/post"}],"author":[{"embeddable":true,"href":"https:\/\/teste.bsb.br\/zeca\/wp-json\/wp\/v2\/users\/1"}],"replies":[{"embeddable":true,"href":"https:\/\/teste.bsb.br\/zeca\/wp-json\/wp\/v2\/comments?post=29625"}],"version-history":[{"count":0,"href":"https:\/\/teste.bsb.br\/zeca\/wp-json\/wp\/v2\/posts\/29625\/revisions"}],"wp:featuredmedia":[{"embeddable":true,"href":"https:\/\/teste.bsb.br\/zeca\/wp-json\/wp\/v2\/media\/29624"}],"wp:attachment":[{"href":"https:\/\/teste.bsb.br\/zeca\/wp-json\/wp\/v2\/media?parent=29625"}],"wp:term":[{"taxonomy":"category","embeddable":true,"href":"https:\/\/teste.bsb.br\/zeca\/wp-json\/wp\/v2\/categories?post=29625"},{"taxonomy":"post_tag","embeddable":true,"href":"https:\/\/teste.bsb.br\/zeca\/wp-json\/wp\/v2\/tags?post=29625"}],"curies":[{"name":"wp","href":"https:\/\/api.w.org\/{rel}","templated":true}]}}