{"id":29601,"date":"2011-07-13T00:00:00","date_gmt":"2011-07-13T03:00:00","guid":{"rendered":"https:\/\/www.zecadirceu.com.br\/recursos-para-saude-sobem-para-r-540-milhoes-diz-zeca-dirceu\/"},"modified":"2011-07-13T00:00:00","modified_gmt":"2011-07-13T03:00:00","slug":"recursos-para-saude-sobem-para-r-540-milhoes-diz-zeca-dirceu","status":"publish","type":"post","link":"https:\/\/teste.bsb.br\/zeca\/recursos-para-saude-sobem-para-r-540-milhoes-diz-zeca-dirceu\/","title":{"rendered":"Recursos para sa\u00fade sobem para R$ 540 milh\u00f5es, diz Zeca Dirceu"},"content":{"rendered":"<p>&nbsp;O deputado Zeca Dirceu (PT-PR) anunciou nesta semana a eleva&ccedil;&atilde;o dos recursos federais para a &aacute;rea de sa&uacute;de no Paran&aacute;, para R$ 539,52 milh&otilde;es &ndash; s&atilde;o R$ 34,48 milh&otilde;es adicionais. No pa&iacute;s, o or&ccedil;amento subir&aacute; em R$ 769 milh&otilde;es, totalizando R$ 10,3 bilh&otilde;es.<br \/>\n&nbsp;<br \/>\nO aumento de investimento do governo no setor se baseia na portaria assinada pelo ministro da Sa&uacute;de, Alexandre Padilha, que cria pontua&ccedil;&atilde;o para adequar a distribui&ccedil;&atilde;o de recursos da aten&ccedil;&atilde;o b&aacute;sica. Al&eacute;m do aumento no valor repassado, a portaria garante aos munic&iacute;pios mais carentes um financiamento diferenciado.<br \/>\n&nbsp;<br \/>\n&ldquo;A presidenta Dilma, na Marcha de Prefeitos, j&aacute; havia anunciado mais R$ 10 bilh&otilde;es para a &aacute;rea estrat&eacute;gica da sa&uacute;de, sem falar de uma s&eacute;rie de programas lan&ccedil;ados. Agora o ministro Alexandre Padilha faz esse an&uacute;ncio, que contempla demandas do Paran&aacute;, o que nos deixa entusiasmados&rdquo;, disse Zeca.<br \/>\n<strong>&nbsp;<br \/>\nMunic&iacute;pios<br \/>\n<\/strong><br \/>\nSegundo o deputado, o programa de repactua&ccedil;&atilde;o de recursos para o setor de sa&uacute;de, respeita dois princ&iacute;pios diferenciais. O primeiro remete &agrave; aten&ccedil;&atilde;o aos munic&iacute;pios mais carentes, considerados priorit&aacute;rios dentro do Programa Brasil Sem Mis&eacute;ria. &ldquo;Esses munic&iacute;pios v&atilde;o receber recursos adicionais na sa&uacute;de&rdquo;, destacou Zeca.<br \/>\n&nbsp;<br \/>\nO segundo aspecto refere-se &agrave; disposi&ccedil;&atilde;o do governo federal quanto ao aumento da remunera&ccedil;&atilde;o aos munic&iacute;pios com melhores resultados e metas cumpridas. &ldquo;Quem levar para a popula&ccedil;&atilde;o, atrav&eacute;s das prefeituras, secretarias de Sa&uacute;de, por exemplo, mais resultados na aten&ccedil;&atilde;o materna infantil, no cuidado das crian&ccedil;as, na diminui&ccedil;&atilde;o da mortalidade infantil, amplia&ccedil;&atilde;o da a&ccedil;&atilde;o preventiva das equipes do Programa Sa&uacute;de da Fam&iacute;lia, ent&atilde;o, ser&aacute; beneficiado com aumento dos recursos&rdquo;, destacou.<br \/>\n&nbsp;<br \/>\n<strong>Gest&atilde;o t&eacute;cnica<br \/>\n<\/strong><br \/>\nPara Zeca Dirceu, a metodologia apresenta novos componentes de gest&atilde;o t&eacute;cnica e de est&iacute;mulo profissional, inexistentes no pa&iacute;s, at&eacute; este momento. &ldquo;Esse &eacute; um componente novo, in&eacute;dito, que avalia o m&eacute;rito de quem est&aacute; cumprindo seu papel, de quem est&aacute; melhorando o servi&ccedil;o. E a&iacute;, sim, vamos remunerar mais, na &aacute;rea de sa&uacute;de, quem fizer esse trabalho&rdquo;, disse.<br \/>\n&nbsp;<br \/>\nO Programa Nacional de Melhoria do Acesso e da Qualidade da Aten&ccedil;&atilde;o B&aacute;sica colocar&aacute; metas, al&eacute;m de avaliar a satisfa&ccedil;&atilde;o do usu&aacute;rio, acesso, utiliza&ccedil;&atilde;o e qualidade dos servi&ccedil;os.<br \/>\n&nbsp;<br \/>\nPara isso ser&atilde;o emitidos certificados de desempenho, que envolvem an&aacute;lise por institui&ccedil;&otilde;es de ensino e pesquisa e pelos gestores municipal, estadual e federal. O programa ainda estimula a educa&ccedil;&atilde;o permanente, o apoio institucional (infraestrutura oferecida) e monitoramento. <\/p>\n","protected":false},"excerpt":{"rendered":"<p>O deputado Zeca Dirceu (PT-PR) anunciou nesta semana a eleva\u00e7\u00e3o dos recursos federais para a \u00e1rea de sa\u00fade no Paran\u00e1, para R$ 539,52 milh\u00f5es \u2013 s\u00e3o R$ 34,48 milh\u00f5es adicionais. No pa\u00eds, o or\u00e7amento subir\u00e1 em R$ 769 milh\u00f5es, totalizando R$ 10,3 bilh\u00f5es.<\/p>\n<p>O aumento de investimento do governo no setor se baseia na portaria assinada pelo ministro da Sa\u00fade, Alexandre Padilha, que cria pontua\u00e7\u00e3o para adequar a distribui\u00e7\u00e3o de recursos da aten\u00e7\u00e3o b\u00e1sica.<\/p>\n","protected":false},"author":1,"featured_media":29600,"comment_status":"open","ping_status":"open","sticky":false,"template":"","format":"standard","meta":{"footnotes":""},"categories":[1],"tags":[327,91,6],"class_list":["post-29601","post","type-post","status-publish","format-standard","has-post-thumbnail","hentry","category-noticias-zeca-dirceu","tag-orcamento","tag-recursos","tag-saude"],"_links":{"self":[{"href":"https:\/\/teste.bsb.br\/zeca\/wp-json\/wp\/v2\/posts\/29601","targetHints":{"allow":["GET"]}}],"collection":[{"href":"https:\/\/teste.bsb.br\/zeca\/wp-json\/wp\/v2\/posts"}],"about":[{"href":"https:\/\/teste.bsb.br\/zeca\/wp-json\/wp\/v2\/types\/post"}],"author":[{"embeddable":true,"href":"https:\/\/teste.bsb.br\/zeca\/wp-json\/wp\/v2\/users\/1"}],"replies":[{"embeddable":true,"href":"https:\/\/teste.bsb.br\/zeca\/wp-json\/wp\/v2\/comments?post=29601"}],"version-history":[{"count":0,"href":"https:\/\/teste.bsb.br\/zeca\/wp-json\/wp\/v2\/posts\/29601\/revisions"}],"wp:featuredmedia":[{"embeddable":true,"href":"https:\/\/teste.bsb.br\/zeca\/wp-json\/wp\/v2\/media\/29600"}],"wp:attachment":[{"href":"https:\/\/teste.bsb.br\/zeca\/wp-json\/wp\/v2\/media?parent=29601"}],"wp:term":[{"taxonomy":"category","embeddable":true,"href":"https:\/\/teste.bsb.br\/zeca\/wp-json\/wp\/v2\/categories?post=29601"},{"taxonomy":"post_tag","embeddable":true,"href":"https:\/\/teste.bsb.br\/zeca\/wp-json\/wp\/v2\/tags?post=29601"}],"curies":[{"name":"wp","href":"https:\/\/api.w.org\/{rel}","templated":true}]}}