{"id":29567,"date":"2011-07-14T00:00:00","date_gmt":"2011-07-14T03:00:00","guid":{"rendered":"https:\/\/www.zecadirceu.com.br\/uem-divulga-em-agosto-resultado-do-vestibular-interno\/"},"modified":"2011-07-14T00:00:00","modified_gmt":"2011-07-14T03:00:00","slug":"uem-divulga-em-agosto-resultado-do-vestibular-interno","status":"publish","type":"post","link":"https:\/\/teste.bsb.br\/zeca\/uem-divulga-em-agosto-resultado-do-vestibular-interno\/","title":{"rendered":"UEM divulga em agosto resultado do Vestibular Interno"},"content":{"rendered":"<div>Aten&ccedil;&atilde;o estudantes do Norte e Noroeste do Paran&aacute;. A Universidade Estadual de Maring&aacute; (UEM) programou para o pr&oacute;ximo dia 5 de agosto a divulga&ccedil;&atilde;o do resultado do Vestibular de Interno. A publica&ccedil;&atilde;o ser&aacute; feita a partir das 10h pelo site <a href=\"http:\/\/www.vestibular.uem.br\">www.vestibular.uem.br<\/a>.<\/div>\n<div>&nbsp;<\/div>\n<div>Na avalia&ccedil;&atilde;o do presidente da Comiss&atilde;o Central do Vestibular Unificado (CVU), professor Emerson Arnaut de Toledo, o concurso foi tranquilo, principalmente se for considerado que esse foi o maior vestibular da UEM, com 23.800 inscritos.<\/div>\n<div>&nbsp;<\/div>\n<div>Os incidentes foram considerados normais, como ocorrem a cada concurso, segundo Toledo, citando como exemplo os candidatos que chegaram fora de hora e por isso foram impedidos de entrar em sala, informa o Tribuna de Cianorte.<\/div>\n<div>&nbsp;<\/div>\n<div>O &iacute;ndice de desist&ecirc;ncia do concurso que foi 1,3% mais baixo em compara&ccedil;&atilde;o com o ano passado. &ldquo;Nessa edi&ccedil;&atilde;o, 10,4% dos candidatos deixaram de fazer a prova. No Vestibular de Inverno de 2010, a porcentagem foi de 11,73%&rdquo;, diz Toledo, destacando que isso aponta o sucesso do concurso.<\/div>\n<div>&nbsp;<\/div>\n<div>Os gabaritos das provas objetivas j&aacute; est&atilde;o dispon&iacute;veis no site (www.vestibular.uem.br). O presidente da CVU tamb&eacute;m informa que o prazo final para pedidos de recursos encerra-se nesta quarta-feira, &agrave;s 15h. S&oacute; ent&atilde;o a comiss&atilde;o iniciar&aacute; a leitura das folhas de respostas das quest&otilde;es objetivas.<\/div>\n","protected":false},"excerpt":{"rendered":"<p>Aten\u00e7\u00e3o estudantes do Norte e Noroeste do Paran\u00e1. A Universidade Estadual de Maring\u00e1 (UEM) programou para o pr\u00f3ximo dia 5 de agosto a divulga\u00e7\u00e3o do resultado do Vestibular de Interno. A publica\u00e7\u00e3o ser\u00e1 feita a partir das 10h pelo site www.vestibular.uem.br.<\/p>\n<p>Na avalia\u00e7\u00e3o do presidente da Comiss\u00e3o Central do Vestibular Unificado (CVU), professor Emerson Arnaut de Toledo, o concurso foi tranquilo, principalmente se for considerado que esse foi o maior vestibular da UEM, com 23.800 inscritos.<\/p>\n","protected":false},"author":1,"featured_media":29566,"comment_status":"open","ping_status":"open","sticky":false,"template":"","format":"standard","meta":{"footnotes":""},"categories":[1],"tags":[4],"class_list":["post-29567","post","type-post","status-publish","format-standard","has-post-thumbnail","hentry","category-noticias-zeca-dirceu","tag-educacao"],"_links":{"self":[{"href":"https:\/\/teste.bsb.br\/zeca\/wp-json\/wp\/v2\/posts\/29567","targetHints":{"allow":["GET"]}}],"collection":[{"href":"https:\/\/teste.bsb.br\/zeca\/wp-json\/wp\/v2\/posts"}],"about":[{"href":"https:\/\/teste.bsb.br\/zeca\/wp-json\/wp\/v2\/types\/post"}],"author":[{"embeddable":true,"href":"https:\/\/teste.bsb.br\/zeca\/wp-json\/wp\/v2\/users\/1"}],"replies":[{"embeddable":true,"href":"https:\/\/teste.bsb.br\/zeca\/wp-json\/wp\/v2\/comments?post=29567"}],"version-history":[{"count":0,"href":"https:\/\/teste.bsb.br\/zeca\/wp-json\/wp\/v2\/posts\/29567\/revisions"}],"wp:featuredmedia":[{"embeddable":true,"href":"https:\/\/teste.bsb.br\/zeca\/wp-json\/wp\/v2\/media\/29566"}],"wp:attachment":[{"href":"https:\/\/teste.bsb.br\/zeca\/wp-json\/wp\/v2\/media?parent=29567"}],"wp:term":[{"taxonomy":"category","embeddable":true,"href":"https:\/\/teste.bsb.br\/zeca\/wp-json\/wp\/v2\/categories?post=29567"},{"taxonomy":"post_tag","embeddable":true,"href":"https:\/\/teste.bsb.br\/zeca\/wp-json\/wp\/v2\/tags?post=29567"}],"curies":[{"name":"wp","href":"https:\/\/api.w.org\/{rel}","templated":true}]}}