{"id":29563,"date":"2011-07-14T00:00:00","date_gmt":"2011-07-14T03:00:00","guid":{"rendered":"https:\/\/www.zecadirceu.com.br\/o-dem-com-seu-disparate-de-zerar-o-deficit-nominal-em-2014\/"},"modified":"2011-07-14T00:00:00","modified_gmt":"2011-07-14T03:00:00","slug":"o-dem-com-seu-disparate-de-zerar-o-deficit-nominal-em-2014","status":"publish","type":"post","link":"https:\/\/teste.bsb.br\/zeca\/o-dem-com-seu-disparate-de-zerar-o-deficit-nominal-em-2014\/","title":{"rendered":"O DEM com seu disparate de zerar o d\u00e9ficit nominal em 2014"},"content":{"rendered":"<p><span class=\"Apple-style-span\" style=\"color: rgb(42, 42, 42); font-family: 'Segoe UI', Tahoma, Verdana, Arial, sans-serif; font-size: 13px; line-height: 17px; \"><\/p>\n<div style=\"line-height: 17px; \"><strong><font class=\"ecxApple-style-span\" face=\"Tahoma\" size=\"2\" style=\"line-height: normal; \">Do blog do Z&eacute; Dirceu:<\/font><\/strong><\/div>\n<div style=\"line-height: 17px; \"><font class=\"ecxApple-style-span\" face=\"Tahoma\" size=\"2\" style=\"line-height: normal; \"><br style=\"line-height: 17px; \" \/><br \/>\n<\/font><\/div>\n<div style=\"line-height: 17px; \"><font class=\"ecxApple-style-span\" face=\"Tahoma\" size=\"2\" style=\"line-height: normal; \">O DEM &nbsp;aproveitou a vota&ccedil;&atilde;o da Lei de Diretrizes Or&ccedil;ament&aacute;rias (LDO) para aprovar emenda que visa alcan&ccedil;ar o d&eacute;ficit nominal zero em 2014. O disparate da medida &eacute; tamanho que nem vale a pena gastar tinta e espa&ccedil;o com ela, mas vamos l&aacute;.&nbsp;<\/font><\/div>\n<div style=\"line-height: 17px; \"><font class=\"ecxApple-style-span\" face=\"Tahoma\" size=\"2\" style=\"line-height: normal; \"><br style=\"line-height: 17px; \" \/><br \/>\n<\/font><\/div>\n<div style=\"line-height: 17px; \"><font class=\"ecxApple-style-span\" face=\"Tahoma\" size=\"2\" style=\"line-height: normal; \">Os Estados Unidos discutem como reduzir um d&eacute;ficit de mais de 10% do PIB e sua d&iacute;vida p&uacute;blica j&aacute; ultrapassa 100% deste. Da Europa, ent&atilde;o, nem falar. Ela simplesmente caminha para a fal&ecirc;ncia, com v&aacute;rios de seus pa&iacute;ses sob o risco de default e com &iacute;ndices de d&eacute;ficit e d&iacute;vida p&uacute;blica impublic&aacute;veis.<\/font><\/div>\n<div style=\"line-height: 17px; \"><font class=\"ecxApple-style-span\" face=\"Tahoma\" size=\"2\" style=\"line-height: normal; \"><br style=\"line-height: 17px; \" \/><br \/>\n<\/font><\/div>\n<div style=\"line-height: 17px; \"><font class=\"ecxApple-style-span\" face=\"Tahoma\" size=\"2\" style=\"line-height: normal; \">Em outras palavras, o mundo n&atilde;o cresce, a infla&ccedil;&atilde;o sobe e os juros s&atilde;o praticamente negativos na maioria dos pa&iacute;ses desenvolvidos ou em desenvolvimento. Mas, no Brasil, a oposi&ccedil;&atilde;o quer mais juros, mais cortes e mais super&aacute;vit. &Eacute; disso que se trata no fundo, nada mais nada menos, essa exig&ecirc;ncia inclu&iacute;da pela oposi&ccedil;&atilde;o na LDO-2012.<\/font><\/div>\n<div style=\"line-height: 17px; \"><font class=\"ecxApple-style-span\" face=\"Tahoma\" size=\"2\" style=\"line-height: normal; \"><br style=\"line-height: 17px; \" \/><br \/>\n<\/font><\/div>\n<div style=\"line-height: 17px; \"><strong><font class=\"ecxApple-style-span\" face=\"Tahoma\" size=\"2\" style=\"line-height: normal; \">Miopia<\/font><\/strong><font class=\"ecxApple-style-span\" face=\"Tahoma\" size=\"2\" style=\"line-height: normal; \"><br style=\"line-height: 17px; \" \/><br \/>\n<\/font><\/div>\n<div style=\"line-height: 17px; \"><font class=\"ecxApple-style-span\" face=\"Tahoma\" size=\"2\" style=\"line-height: normal; \">Alguma coisa est&aacute; muito errada na vis&atilde;o da oposi&ccedil;&atilde;o, j&aacute; que nossa d&iacute;vida p&uacute;blica n&atilde;o chega a 40% do PIB e nosso d&eacute;ficit nominal a 2,24%. O governo j&aacute; adotou medidas de ajuste fiscal, aumentou os juros e restringiu &#8211; e muito &#8211; o cr&eacute;dito. Procurou, ao m&aacute;ximo, adequar o pa&iacute;s &agrave; situa&ccedil;&atilde;o mundial, j&aacute; que somos inevitavelmente atingidos pela guerra cambial e pela alta das commodities.<\/font><\/div>\n<div style=\"line-height: 17px; \"><font class=\"ecxApple-style-span\" face=\"Tahoma\" size=\"2\" style=\"line-height: normal; \"><br style=\"line-height: 17px; \" \/><br \/>\n<\/font><\/div>\n<div style=\"line-height: 17px; \"><font class=\"ecxApple-style-span\" face=\"Tahoma\" size=\"2\" style=\"line-height: normal; \">Adotou, assim, as medidas pertinentes e necess&aacute;rias, s&oacute; que elas n&atilde;o significam corte de investimentos e em gastos sociais como quer sempre a oposi&ccedil;&atilde;o. Miopia dos nossos advers&aacute;rios, j&aacute; que para crescer dependemos de nosso mercado interno e de nossos vizinhos, portanto da manuten&ccedil;&atilde;o de programas e investimentos. Da&iacute; a import&acirc;ncia cada vez maior da integra&ccedil;&atilde;o sulamericana, que deve ser o nosso verdadeiro foco nos pr&oacute;ximos anos.<\/font><\/div>\n<p><\/span><\/p>\n","protected":false},"excerpt":{"rendered":"<p>Do blog do Z\u00e9 Dirceu:<\/p>\n<p>O DEM  aproveitou a vota\u00e7\u00e3o da Lei de Diretrizes Or\u00e7ament\u00e1rias (LDO) para aprovar emenda que visa alcan\u00e7ar o d\u00e9ficit nominal zero em 2014. O disparate da medida \u00e9 tamanho que nem vale a pena gastar tinta e espa\u00e7o com ela, mas vamos l\u00e1. <\/p>\n<p>Os Estados Unidos discutem como reduzir um d\u00e9ficit de mais de 10% do PIB e sua d\u00edvida p\u00fablica j\u00e1 ultrapassa 100% deste. Da Europa, ent\u00e3o, nem falar. Ela simplesmente caminha para a fal\u00eancia, com v\u00e1rios de seus pa\u00edses sob o risco de default e com \u00edndices de d\u00e9ficit e d\u00edvida p\u00fablica impublic\u00e1veis.<\/p>\n","protected":false},"author":1,"featured_media":29562,"comment_status":"open","ping_status":"open","sticky":false,"template":"","format":"standard","meta":{"footnotes":""},"categories":[1],"tags":[3484],"class_list":["post-29563","post","type-post","status-publish","format-standard","has-post-thumbnail","hentry","category-noticias-zeca-dirceu","tag-ze-dirceu"],"_links":{"self":[{"href":"https:\/\/teste.bsb.br\/zeca\/wp-json\/wp\/v2\/posts\/29563","targetHints":{"allow":["GET"]}}],"collection":[{"href":"https:\/\/teste.bsb.br\/zeca\/wp-json\/wp\/v2\/posts"}],"about":[{"href":"https:\/\/teste.bsb.br\/zeca\/wp-json\/wp\/v2\/types\/post"}],"author":[{"embeddable":true,"href":"https:\/\/teste.bsb.br\/zeca\/wp-json\/wp\/v2\/users\/1"}],"replies":[{"embeddable":true,"href":"https:\/\/teste.bsb.br\/zeca\/wp-json\/wp\/v2\/comments?post=29563"}],"version-history":[{"count":0,"href":"https:\/\/teste.bsb.br\/zeca\/wp-json\/wp\/v2\/posts\/29563\/revisions"}],"wp:featuredmedia":[{"embeddable":true,"href":"https:\/\/teste.bsb.br\/zeca\/wp-json\/wp\/v2\/media\/29562"}],"wp:attachment":[{"href":"https:\/\/teste.bsb.br\/zeca\/wp-json\/wp\/v2\/media?parent=29563"}],"wp:term":[{"taxonomy":"category","embeddable":true,"href":"https:\/\/teste.bsb.br\/zeca\/wp-json\/wp\/v2\/categories?post=29563"},{"taxonomy":"post_tag","embeddable":true,"href":"https:\/\/teste.bsb.br\/zeca\/wp-json\/wp\/v2\/tags?post=29563"}],"curies":[{"name":"wp","href":"https:\/\/api.w.org\/{rel}","templated":true}]}}