{"id":29545,"date":"2011-07-15T00:00:00","date_gmt":"2011-07-15T03:00:00","guid":{"rendered":"https:\/\/www.zecadirceu.com.br\/umuaramense-conquista-prestigio-nacional\/"},"modified":"2011-07-15T00:00:00","modified_gmt":"2011-07-15T03:00:00","slug":"umuaramense-conquista-prestigio-nacional","status":"publish","type":"post","link":"https:\/\/teste.bsb.br\/zeca\/umuaramense-conquista-prestigio-nacional\/","title":{"rendered":"Umuaramense conquista prest\u00edgio nacional"},"content":{"rendered":"<p>Definitivamente, o deputado federal Zeca Dirceu revelou-se como um dos maiores destaques da pol&iacute;tica paranaense na esfera nacional. No in&iacute;cio de seu primeiro mandato, j&aacute; conquistou prest&iacute;gio junto ao mais alto escal&atilde;o do governo federal. <\/p>\n<p>Prova disso &eacute; que esta semana o parlamentar avistou-se com os dois mais importantes dirigentes do Pa&iacute;s: na ter&ccedil;a-feira (12) ele participou da recep&ccedil;&atilde;o &agrave; presidente Dilma Rousseff em sua visita ao Paran&aacute;, durante a cerim&ocirc;nia de lan&ccedil;amento do Plano Safra, em Francisco Beltr&atilde;o. E ontem Zeca Dirceu visitou o vice-presidente Michel Temer, durante encontro realizado em Bras&iacute;lia.<\/p>\n<p>Zeca Dirceu, umuaramense nato e representante da regi&atilde;o Noroeste na C&acirc;mara Federal, d&aacute; mostras que, apesar de sua juventude, tem compet&ecirc;ncia e est&aacute; preparando para exercer o mandato, talento esse que ele lapidou durante os dois mandatos de prefeito da vizinha Cruzeiro do Oeste, munic&iacute;pio que ele administrou e colocou na trilha do desenvolvimento.<br \/>\n&nbsp;<strong><br \/>\n(Umuarama Ilustrado)<br \/>\n<\/strong>&nbsp;<br \/>\n&nbsp;<\/p>\n","protected":false},"excerpt":{"rendered":"<p>Definitivamente, o deputado federal Zeca Dirceu revelou-se como um dos maiores destaques da pol\u00edtica paranaense na esfera nacional. No in\u00edcio de seu primeiro mandato, j\u00e1 conquistou prest\u00edgio junto ao mais alto escal\u00e3o do governo federal. <\/p>\n<p>Prova disso \u00e9 que esta semana o parlamentar avistou-se com os dois mais importantes dirigentes do Pa\u00eds: na ter\u00e7a-feira (12) ele participou da recep\u00e7\u00e3o \u00e0 presidente Dilma Rousseff em sua visita ao Paran\u00e1, durante a cerim\u00f4nia de lan\u00e7amento do Plano Safra, em Francisco Beltr\u00e3o.<\/p>\n<p>(Umuarama Ilustrado)<\/p>\n","protected":false},"author":1,"featured_media":29544,"comment_status":"open","ping_status":"open","sticky":false,"template":"","format":"standard","meta":{"footnotes":""},"categories":[1],"tags":[1786,7045,18],"class_list":["post-29545","post","type-post","status-publish","format-standard","has-post-thumbnail","hentry","category-noticias-zeca-dirceu","tag-nacional","tag-prestigio","tag-umuarama"],"_links":{"self":[{"href":"https:\/\/teste.bsb.br\/zeca\/wp-json\/wp\/v2\/posts\/29545","targetHints":{"allow":["GET"]}}],"collection":[{"href":"https:\/\/teste.bsb.br\/zeca\/wp-json\/wp\/v2\/posts"}],"about":[{"href":"https:\/\/teste.bsb.br\/zeca\/wp-json\/wp\/v2\/types\/post"}],"author":[{"embeddable":true,"href":"https:\/\/teste.bsb.br\/zeca\/wp-json\/wp\/v2\/users\/1"}],"replies":[{"embeddable":true,"href":"https:\/\/teste.bsb.br\/zeca\/wp-json\/wp\/v2\/comments?post=29545"}],"version-history":[{"count":0,"href":"https:\/\/teste.bsb.br\/zeca\/wp-json\/wp\/v2\/posts\/29545\/revisions"}],"wp:featuredmedia":[{"embeddable":true,"href":"https:\/\/teste.bsb.br\/zeca\/wp-json\/wp\/v2\/media\/29544"}],"wp:attachment":[{"href":"https:\/\/teste.bsb.br\/zeca\/wp-json\/wp\/v2\/media?parent=29545"}],"wp:term":[{"taxonomy":"category","embeddable":true,"href":"https:\/\/teste.bsb.br\/zeca\/wp-json\/wp\/v2\/categories?post=29545"},{"taxonomy":"post_tag","embeddable":true,"href":"https:\/\/teste.bsb.br\/zeca\/wp-json\/wp\/v2\/tags?post=29545"}],"curies":[{"name":"wp","href":"https:\/\/api.w.org\/{rel}","templated":true}]}}