{"id":29543,"date":"2011-07-15T00:00:00","date_gmt":"2011-07-15T03:00:00","guid":{"rendered":"https:\/\/www.zecadirceu.com.br\/lula-volta-a-viajar-pelo-pais-para-defender-causas-sociais\/"},"modified":"2011-07-15T00:00:00","modified_gmt":"2011-07-15T03:00:00","slug":"lula-volta-a-viajar-pelo-pais-para-defender-causas-sociais","status":"publish","type":"post","link":"https:\/\/teste.bsb.br\/zeca\/lula-volta-a-viajar-pelo-pais-para-defender-causas-sociais\/","title":{"rendered":"Lula volta a viajar pelo Pa\u00eds para defender causas sociais"},"content":{"rendered":"<p>O ex-presidente Luiz In&aacute;cio Lula da Silva disse nesta sexta-feira, 15, que, passados quase sete meses do in&iacute;cio do governo Dilma Rousseff, pretende voltar a viajar pelo Pa&iacute;s para defender as causas sociais. &ldquo;Serei o lobista n&uacute;mero 1 das causas sociais e vou voltar a incomodar algumas pessoas outra vez&rdquo;, disse, em discurso no congresso da Uni&atilde;o Geral dos Trabalhadores (UGT), realizado na capital paulista.<\/p>\n<p>Lula discursou por 20 minutos e fez uma defesa de seus oito anos &agrave; frente da Presid&ecirc;ncia da Rep&uacute;blica. De acordo com o ex-presidente, nenhuma categoria durante seu governo ficou sem aumento real de sal&aacute;rio. &ldquo;N&atilde;o &eacute; poss&iacute;vel que algu&eacute;m n&atilde;o tenha tido aumento real no meu governo&rdquo;, afirmou. <\/p>\n<p>Na sequ&ecirc;ncia de declara&ccedil;&otilde;es pol&ecirc;micas, Lula visita a capital ap&oacute;s passar por Goi&acirc;nia, na quinta-feira, 14, quando fez cr&iacute;ticas &agrave; imprensa, que, segundo ele, desconhece a realidade do governo.<\/p>\n<p>Transportes. O ex-presidente afirmou ainda que &eacute; favor&aacute;vel &agrave;s investiga&ccedil;&otilde;es no Minist&eacute;rio dos Transportes. &ldquo;Na medida que tem uma den&uacute;ncia, n&atilde;o importa de quando foi a den&uacute;ncia. O que importa &eacute; que elas (as pessoas envolvidas) sejam investigadas porque, se a pessoa for inocente, ter&atilde;o de publicar que ela &eacute; inocente. Se forem culpadas, pagar&atilde;o por isso&rdquo;. disse.<\/p>\n<p>Haddad. Lula refor&ccedil;ou sua defesa pela candidatura petista do ministro da Educa&ccedil;&atilde;o, Fernando Haddad, a prefeito de S&atilde;o Paulo nas elei&ccedil;&otilde;es de 2012. &ldquo;Acho que o companheiro Haddad &eacute; adequado. Foi ministro da Educa&ccedil;&atilde;o e acho que ele est&aacute; na disputa interna&rdquo;, disse.<\/p>\n<p>Internamente, o ex-presidente tem feito campanha pela confirma&ccedil;&atilde;o do ministro como o nome do PT para sucess&atilde;o do prefeito Gilberto Kassab (DEM). Al&eacute;m de Haddad, os nomes da senadora Marta Suplicy, e do ministro da Ci&ecirc;ncia e Tecnologia, Aloizio Mercadante, s&atilde;o cogitados pelo partido.<\/p>\n<p>Embora tenha grande poder de influ&ecirc;ncia dentro do PT, Lula afirma que quem n&atilde;o ser&aacute; dele a palavra final sobre a candidatura. &ldquo;Quem vai decidir s&atilde;o os delegados do PT&rdquo;, afirmou.<br \/>\n<strong><br \/>\n(Com Ag&ecirc;ncia Estad&atilde;o)<br \/>\n<\/strong><\/p>\n","protected":false},"excerpt":{"rendered":"<p>O ex-presidente Luiz In\u00e1cio Lula da Silva disse nesta sexta-feira, 15, que, passados quase sete meses do in\u00edcio do governo Dilma Rousseff, pretende voltar a viajar pelo Pa\u00eds para defender as causas sociais. <\/p>\n<p>\u201cSerei o lobista n\u00famero 1 das causas sociais e vou voltar a incomodar algumas pessoas outra vez\u201d, disse, em discurso no congresso da Uni\u00e3o Geral dos Trabalhadores (UGT), realizado na capital paulista.<\/p>\n","protected":false},"author":1,"featured_media":29542,"comment_status":"open","ping_status":"open","sticky":false,"template":"","format":"standard","meta":{"footnotes":""},"categories":[1],"tags":[7044,170,7043],"class_list":["post-29543","post","type-post","status-publish","format-standard","has-post-thumbnail","hentry","category-noticias-zeca-dirceu","tag-causas","tag-lula","tag-vigem"],"_links":{"self":[{"href":"https:\/\/teste.bsb.br\/zeca\/wp-json\/wp\/v2\/posts\/29543","targetHints":{"allow":["GET"]}}],"collection":[{"href":"https:\/\/teste.bsb.br\/zeca\/wp-json\/wp\/v2\/posts"}],"about":[{"href":"https:\/\/teste.bsb.br\/zeca\/wp-json\/wp\/v2\/types\/post"}],"author":[{"embeddable":true,"href":"https:\/\/teste.bsb.br\/zeca\/wp-json\/wp\/v2\/users\/1"}],"replies":[{"embeddable":true,"href":"https:\/\/teste.bsb.br\/zeca\/wp-json\/wp\/v2\/comments?post=29543"}],"version-history":[{"count":0,"href":"https:\/\/teste.bsb.br\/zeca\/wp-json\/wp\/v2\/posts\/29543\/revisions"}],"wp:featuredmedia":[{"embeddable":true,"href":"https:\/\/teste.bsb.br\/zeca\/wp-json\/wp\/v2\/media\/29542"}],"wp:attachment":[{"href":"https:\/\/teste.bsb.br\/zeca\/wp-json\/wp\/v2\/media?parent=29543"}],"wp:term":[{"taxonomy":"category","embeddable":true,"href":"https:\/\/teste.bsb.br\/zeca\/wp-json\/wp\/v2\/categories?post=29543"},{"taxonomy":"post_tag","embeddable":true,"href":"https:\/\/teste.bsb.br\/zeca\/wp-json\/wp\/v2\/tags?post=29543"}],"curies":[{"name":"wp","href":"https:\/\/api.w.org\/{rel}","templated":true}]}}