{"id":29535,"date":"2011-07-15T00:00:00","date_gmt":"2011-07-15T03:00:00","guid":{"rendered":"https:\/\/www.zecadirceu.com.br\/assistam-video-que-mostra-minha-atuacao-na-defesa-da-seguranca-no-parana\/"},"modified":"2011-07-15T00:00:00","modified_gmt":"2011-07-15T03:00:00","slug":"assistam-video-que-mostra-minha-atuacao-na-defesa-da-seguranca-no-parana","status":"publish","type":"post","link":"https:\/\/teste.bsb.br\/zeca\/assistam-video-que-mostra-minha-atuacao-na-defesa-da-seguranca-no-parana\/","title":{"rendered":"Assistam v\u00eddeo que mostra minha atua\u00e7\u00e3o na defesa da seguran\u00e7a no Paran\u00e1"},"content":{"rendered":"<p>Minhas principais a&ccedil;&otilde;es e todo o trabalho de articula&ccedil;&atilde;o pol&iacute;tica na C&acirc;mara dos Deputados, a favor da seguran&ccedil;a p&uacute;blica no Paran&aacute;, s&atilde;o apresentados neste v&iacute;deo institucional de mandato.<\/p>\n<p>Em fevereiro, por exemplo, estive reunido com o ministro da Justi&ccedil;a, Jos&eacute; Cardoso, em Curitiba, quando confirmamos a libera&ccedil;&atilde;o de recursos para a conclus&atilde;o da nova sede da Pol&iacute;cia Federal, em Gua&iacute;ra, munic&iacute;pio situado na regi&atilde;o Oeste do Paran&aacute;. Confiram o v&iacute;deo!<br \/>\n&nbsp;<\/p>\n","protected":false},"excerpt":{"rendered":"<p>Minhas principais a\u00e7\u00f5es e todo o trabalho de articula\u00e7\u00e3o pol\u00edtica na C\u00e2mara dos Deputados, a favor da seguran\u00e7a p\u00fablica no Paran\u00e1, s\u00e3o apresentados neste v\u00eddeo institucional de mandato.<\/p>\n<p>Em fevereiro, por exemplo, estive reunido com o ministro da Justi\u00e7a, Jos\u00e9 Cardoso, em Curitiba, quando confirmamos a libera\u00e7\u00e3o de recursos para a conclus\u00e3o da nova sede da Pol\u00edcia Federal, em Gua\u00edra, munic\u00edpio situado na regi\u00e3o Oeste do Paran\u00e1. Confiram o v\u00eddeo!<\/p>\n","protected":false},"author":1,"featured_media":29534,"comment_status":"open","ping_status":"open","sticky":false,"template":"","format":"standard","meta":{"footnotes":""},"categories":[1],"tags":[7040],"class_list":["post-29535","post","type-post","status-publish","format-standard","has-post-thumbnail","hentry","category-noticias-zeca-dirceu","tag-seguranca-no-parana"],"_links":{"self":[{"href":"https:\/\/teste.bsb.br\/zeca\/wp-json\/wp\/v2\/posts\/29535","targetHints":{"allow":["GET"]}}],"collection":[{"href":"https:\/\/teste.bsb.br\/zeca\/wp-json\/wp\/v2\/posts"}],"about":[{"href":"https:\/\/teste.bsb.br\/zeca\/wp-json\/wp\/v2\/types\/post"}],"author":[{"embeddable":true,"href":"https:\/\/teste.bsb.br\/zeca\/wp-json\/wp\/v2\/users\/1"}],"replies":[{"embeddable":true,"href":"https:\/\/teste.bsb.br\/zeca\/wp-json\/wp\/v2\/comments?post=29535"}],"version-history":[{"count":0,"href":"https:\/\/teste.bsb.br\/zeca\/wp-json\/wp\/v2\/posts\/29535\/revisions"}],"wp:featuredmedia":[{"embeddable":true,"href":"https:\/\/teste.bsb.br\/zeca\/wp-json\/wp\/v2\/media\/29534"}],"wp:attachment":[{"href":"https:\/\/teste.bsb.br\/zeca\/wp-json\/wp\/v2\/media?parent=29535"}],"wp:term":[{"taxonomy":"category","embeddable":true,"href":"https:\/\/teste.bsb.br\/zeca\/wp-json\/wp\/v2\/categories?post=29535"},{"taxonomy":"post_tag","embeddable":true,"href":"https:\/\/teste.bsb.br\/zeca\/wp-json\/wp\/v2\/tags?post=29535"}],"curies":[{"name":"wp","href":"https:\/\/api.w.org\/{rel}","templated":true}]}}