{"id":29521,"date":"2011-07-16T00:00:00","date_gmt":"2011-07-16T03:00:00","guid":{"rendered":"https:\/\/www.zecadirceu.com.br\/petistas-lancam-na-segunda-feira-18-comite-pro-candidatura-propria-em-curitiba\/"},"modified":"2011-07-16T00:00:00","modified_gmt":"2011-07-16T03:00:00","slug":"petistas-lancam-na-segunda-feira-18-comite-pro-candidatura-propria-em-curitiba","status":"publish","type":"post","link":"https:\/\/teste.bsb.br\/zeca\/petistas-lancam-na-segunda-feira-18-comite-pro-candidatura-propria-em-curitiba\/","title":{"rendered":"Petistas lan\u00e7am na segunda-feira, 18, comit\u00ea pr\u00f3-candidatura pr\u00f3pria em Curitiba"},"content":{"rendered":"<p>Deputados, vereadores, dirigentes e militantes petistas lan&ccedil;am nesta segunda-feira, 18, o Comit&ecirc; Pr&oacute;-Candidatura Pr&oacute;pria do PT &agrave; Prefeitura de Curitiba. O ato ser&aacute; &agrave;s 19 horas, na sede municipal do PT, na avenida Marechal Floriano Peixoto, 114, 2&ordm; andar, no Centro.<\/p>\n<p>&quot;O fortalecimento de nosso partido depende da apresenta&ccedil;&atilde;o de um projeto genuinamente petista para a popula&ccedil;&atilde;o de Curitiba&quot;, diz trecho da carta que convoca os petistas para o ato. Mais cedo, &agrave;s 14 horas, os deputados Dr. Rosinha e Tadeu Veneri &#8211; acompanhados dos presidentes de cinco dos oito diret&oacute;rios zonais do PT em Curitiba &#8211; conversam com a imprensa, no mesmo local.<br \/>\n&nbsp;<br \/>\n&quot;Precisamos nos apresentar com um programa de governo e com uma candidatura do PT, o partido que elegeu Dilma e Lula, que chegou &agrave; Presid&ecirc;ncia porque jamais deixou de disputar uma elei&ccedil;&atilde;o.&quot;<br \/>\n&nbsp;<br \/>\nA reuni&atilde;o de lan&ccedil;amento do comit&ecirc; deve aprovar o texto de um manifesto favor&aacute;vel a uma candidatura pr&oacute;pria do PT na cidade.<br \/>\n&nbsp;<br \/>\nEntrevista Coletiva<br \/>\nSegunda-feira (18), &agrave;s 14 horas<br \/>\nDr. Rosinha, Tadeu Veneri, dirigentes e militantes do PT<br \/>\nAvenida Marechal Floriano Peixoto, 114, 2&ordm; andar, no Centro.<br \/>\n(ato pol&iacute;tico mais tarde, &agrave;s 19 horas, no mesmo local)<\/p>\n","protected":false},"excerpt":{"rendered":"<p>Deputados, vereadores, dirigentes e militantes petistas lan\u00e7am nesta segunda-feira, 18, o Comit\u00ea Pr\u00f3-Candidatura Pr\u00f3pria do PT \u00e0 Prefeitura de Curitiba. O ato ser\u00e1 \u00e0s 19 horas, na sede municipal do PT, na avenida Marechal Floriano Peixoto, 114, 2\u00ba andar, no Centro. <\/p>\n<p>&#8220;O fortalecimento de nosso partido depende da apresenta\u00e7\u00e3o de um projeto genuinamente petista para a popula\u00e7\u00e3o de Curitiba&#8221;, diz trecho da carta dos petistas. Mais cedo, \u00e0s 14 horas, os deputados Dr. Rosinha e Tadeu Veneri &#8211; acompanhados dos presidentes de cinco dos oito diret\u00f3rios zonais do PT em Curitiba &#8211; conversam com a imprensa, no mesmo local.<\/p>\n","protected":false},"author":1,"featured_media":29520,"comment_status":"open","ping_status":"open","sticky":false,"template":"","format":"standard","meta":{"footnotes":""},"categories":[1],"tags":[7033,62,117],"class_list":["post-29521","post","type-post","status-publish","format-standard","has-post-thumbnail","hentry","category-noticias-zeca-dirceu","tag-candidatura-propria","tag-curitiba","tag-pt"],"_links":{"self":[{"href":"https:\/\/teste.bsb.br\/zeca\/wp-json\/wp\/v2\/posts\/29521","targetHints":{"allow":["GET"]}}],"collection":[{"href":"https:\/\/teste.bsb.br\/zeca\/wp-json\/wp\/v2\/posts"}],"about":[{"href":"https:\/\/teste.bsb.br\/zeca\/wp-json\/wp\/v2\/types\/post"}],"author":[{"embeddable":true,"href":"https:\/\/teste.bsb.br\/zeca\/wp-json\/wp\/v2\/users\/1"}],"replies":[{"embeddable":true,"href":"https:\/\/teste.bsb.br\/zeca\/wp-json\/wp\/v2\/comments?post=29521"}],"version-history":[{"count":0,"href":"https:\/\/teste.bsb.br\/zeca\/wp-json\/wp\/v2\/posts\/29521\/revisions"}],"wp:featuredmedia":[{"embeddable":true,"href":"https:\/\/teste.bsb.br\/zeca\/wp-json\/wp\/v2\/media\/29520"}],"wp:attachment":[{"href":"https:\/\/teste.bsb.br\/zeca\/wp-json\/wp\/v2\/media?parent=29521"}],"wp:term":[{"taxonomy":"category","embeddable":true,"href":"https:\/\/teste.bsb.br\/zeca\/wp-json\/wp\/v2\/categories?post=29521"},{"taxonomy":"post_tag","embeddable":true,"href":"https:\/\/teste.bsb.br\/zeca\/wp-json\/wp\/v2\/tags?post=29521"}],"curies":[{"name":"wp","href":"https:\/\/api.w.org\/{rel}","templated":true}]}}