{"id":29515,"date":"2011-07-16T00:00:00","date_gmt":"2011-07-16T03:00:00","guid":{"rendered":"https:\/\/www.zecadirceu.com.br\/em-video-lula-apoia-fundador-do-wikileasks\/"},"modified":"2011-07-16T00:00:00","modified_gmt":"2011-07-16T03:00:00","slug":"em-video-lula-apoia-fundador-do-wikileasks","status":"publish","type":"post","link":"https:\/\/teste.bsb.br\/zeca\/em-video-lula-apoia-fundador-do-wikileasks\/","title":{"rendered":"Em v\u00eddeo, Lula ap\u00f3ia fundador do Wikileasks"},"content":{"rendered":"<p>O presidente Lula prestou solidariedade nesta quinta-feira (9\/12) ao fundador do Wikileaks, Julian Assange, preso esta semana ap&oacute;s seu grupo ter divulgado mensagens produzidas pela diplomacia americana, e criticou a imprensa brasileira por n&atilde;o defender o ativista australiano e a liberdade de express&atilde;o.<\/p>\n<p>&rdquo;O rapaz foi preso e eu n&atilde;o estou vendo nenhum protesto contra a &#91;o cerceamento &agrave;] liberdade de express&atilde;o. &Eacute; engra&ccedil;ado, n&atilde;o tem nada&rdquo;, afirmou o presidente, que fez quest&atilde;o de registar o seu:<br \/>\n&nbsp;<\/p>\n","protected":false},"excerpt":{"rendered":"<p>O presidente Lula prestou solidariedade nesta quinta-feira (9\/12) ao fundador do Wikileaks, Julian Assange, preso esta semana ap\u00f3s seu grupo ter divulgado mensagens produzidas pela diplomacia americana, e criticou a imprensa brasileira por n\u00e3o defender o ativista australiano e a liberdade de express\u00e3o. <\/p>\n<p>\u201dO rapaz foi preso e eu n\u00e3o estou vendo nenhum protesto contra a [o cerceamento \u00e0] liberdade de express\u00e3o. \u00c9 engra\u00e7ado, n\u00e3o tem nada\u201d, afirmou o presidente, que fez quest\u00e3o de registar o seu:<\/p>\n","protected":false},"author":1,"featured_media":29514,"comment_status":"open","ping_status":"open","sticky":false,"template":"","format":"standard","meta":{"footnotes":""},"categories":[1],"tags":[7031,170,7030],"class_list":["post-29515","post","type-post","status-publish","format-standard","has-post-thumbnail","hentry","category-noticias-zeca-dirceu","tag-fundador","tag-lula","tag-wikleaks"],"_links":{"self":[{"href":"https:\/\/teste.bsb.br\/zeca\/wp-json\/wp\/v2\/posts\/29515","targetHints":{"allow":["GET"]}}],"collection":[{"href":"https:\/\/teste.bsb.br\/zeca\/wp-json\/wp\/v2\/posts"}],"about":[{"href":"https:\/\/teste.bsb.br\/zeca\/wp-json\/wp\/v2\/types\/post"}],"author":[{"embeddable":true,"href":"https:\/\/teste.bsb.br\/zeca\/wp-json\/wp\/v2\/users\/1"}],"replies":[{"embeddable":true,"href":"https:\/\/teste.bsb.br\/zeca\/wp-json\/wp\/v2\/comments?post=29515"}],"version-history":[{"count":0,"href":"https:\/\/teste.bsb.br\/zeca\/wp-json\/wp\/v2\/posts\/29515\/revisions"}],"wp:featuredmedia":[{"embeddable":true,"href":"https:\/\/teste.bsb.br\/zeca\/wp-json\/wp\/v2\/media\/29514"}],"wp:attachment":[{"href":"https:\/\/teste.bsb.br\/zeca\/wp-json\/wp\/v2\/media?parent=29515"}],"wp:term":[{"taxonomy":"category","embeddable":true,"href":"https:\/\/teste.bsb.br\/zeca\/wp-json\/wp\/v2\/categories?post=29515"},{"taxonomy":"post_tag","embeddable":true,"href":"https:\/\/teste.bsb.br\/zeca\/wp-json\/wp\/v2\/tags?post=29515"}],"curies":[{"name":"wp","href":"https:\/\/api.w.org\/{rel}","templated":true}]}}