{"id":29503,"date":"2011-07-16T00:00:00","date_gmt":"2011-07-16T03:00:00","guid":{"rendered":"https:\/\/www.zecadirceu.com.br\/lula-vai-voltar-andar-pelo-pais\/"},"modified":"2011-07-16T00:00:00","modified_gmt":"2011-07-16T03:00:00","slug":"lula-vai-voltar-andar-pelo-pais","status":"publish","type":"post","link":"https:\/\/teste.bsb.br\/zeca\/lula-vai-voltar-andar-pelo-pais\/","title":{"rendered":"Lula vai voltar andar pelo pa\u00eds"},"content":{"rendered":"<p>O presidente Lula disse nesta sexta-feira, 15, que vai voltar &quot;a andar pelo pa&iacute;s&quot;. &quot;Faz meses que eu deixei a Presid&ecirc;ncia e disse que ia entrar num processo de desencarna&ccedil;&atilde;o, mas agora eu vou voltar a viajar pelo Brasil&quot;, disse Lula no congresso da UGT em S&atilde;o Paulo.<\/p>\n<p>Lula afirmou que foi a combina&ccedil;&atilde;o da pol&iacute;tica de abertura de cr&eacute;dito e dos programas sociais com medidas macroecon&ocirc;micas que fizeram &quot;com que 39 milh&otilde;es de pessoas sa&iacute;ssem da pobreza&quot;. &quot;Os ricos n&atilde;o sabem o que significa &lsquo;100 real&rsquo; nas m&atilde;os de uma mulher pobre. Tem gente incomodada porque tem pobre andando de avi&atilde;o. Fui agora para a Argentina e estava cheio de pobre no avi&atilde;o indo pra Buenos Aires&quot;, afirmou.<\/p>\n","protected":false},"excerpt":{"rendered":"<p>O presidente Lula disse nesta sexta-feira, 15, que vai voltar &#8220;a andar pelo pa\u00eds&#8221;.<br \/>\n&#8220;Faz meses que eu deixei a Presid\u00eancia e disse que ia entrar num processo de desencarna\u00e7\u00e3o, mas agora eu vou voltar a viajar pelo Brasil&#8221;, disse Lula no congresso da UGT em S\u00e3o Paulo. <\/p>\n<p>Lula afirmou que foi a combina\u00e7\u00e3o da pol\u00edtica de abertura de cr\u00e9dito e dos programas sociais com medidas macroecon\u00f4micas que fizeram &#8220;com que 39 milh\u00f5es de pessoas sa\u00edssem da pobreza&#8221;. &#8220;Os ricos n\u00e3o sabem o que significa \u2018100 real\u2019 nas m\u00e3os de uma mulher pobre. Tem gente incomodada porque tem pobre andando de avi\u00e3o. Fui agora para a Argentina e estava cheio de pobre no avi\u00e3o indo pra Buenos Aires&#8221;, afirmou.<\/p>\n","protected":false},"author":1,"featured_media":29502,"comment_status":"open","ping_status":"open","sticky":false,"template":"","format":"standard","meta":{"footnotes":""},"categories":[1],"tags":[170],"class_list":["post-29503","post","type-post","status-publish","format-standard","has-post-thumbnail","hentry","category-noticias-zeca-dirceu","tag-lula"],"_links":{"self":[{"href":"https:\/\/teste.bsb.br\/zeca\/wp-json\/wp\/v2\/posts\/29503","targetHints":{"allow":["GET"]}}],"collection":[{"href":"https:\/\/teste.bsb.br\/zeca\/wp-json\/wp\/v2\/posts"}],"about":[{"href":"https:\/\/teste.bsb.br\/zeca\/wp-json\/wp\/v2\/types\/post"}],"author":[{"embeddable":true,"href":"https:\/\/teste.bsb.br\/zeca\/wp-json\/wp\/v2\/users\/1"}],"replies":[{"embeddable":true,"href":"https:\/\/teste.bsb.br\/zeca\/wp-json\/wp\/v2\/comments?post=29503"}],"version-history":[{"count":0,"href":"https:\/\/teste.bsb.br\/zeca\/wp-json\/wp\/v2\/posts\/29503\/revisions"}],"wp:featuredmedia":[{"embeddable":true,"href":"https:\/\/teste.bsb.br\/zeca\/wp-json\/wp\/v2\/media\/29502"}],"wp:attachment":[{"href":"https:\/\/teste.bsb.br\/zeca\/wp-json\/wp\/v2\/media?parent=29503"}],"wp:term":[{"taxonomy":"category","embeddable":true,"href":"https:\/\/teste.bsb.br\/zeca\/wp-json\/wp\/v2\/categories?post=29503"},{"taxonomy":"post_tag","embeddable":true,"href":"https:\/\/teste.bsb.br\/zeca\/wp-json\/wp\/v2\/tags?post=29503"}],"curies":[{"name":"wp","href":"https:\/\/api.w.org\/{rel}","templated":true}]}}