{"id":29405,"date":"2011-07-20T00:00:00","date_gmt":"2011-07-20T03:00:00","guid":{"rendered":"https:\/\/www.zecadirceu.com.br\/funarte-anuncia-mais-de-r-100-milhoes-em-investimentos-culturais\/"},"modified":"2011-07-20T00:00:00","modified_gmt":"2011-07-20T03:00:00","slug":"funarte-anuncia-mais-de-r-100-milhoes-em-investimentos-culturais","status":"publish","type":"post","link":"https:\/\/teste.bsb.br\/zeca\/funarte-anuncia-mais-de-r-100-milhoes-em-investimentos-culturais\/","title":{"rendered":"Funarte anuncia mais de R$ 100 milh\u00f5es em investimentos culturais"},"content":{"rendered":"<p>O presidente da Funda&ccedil;&atilde;o Nacional de Artes, Antonio Grassi, anunciou, esta semana, os programas de fomento &agrave;s artes em 2011. Ser&atilde;o investidos mais de R$ 100 milh&otilde;es em projetos nas &aacute;reas de teatro, dan&ccedil;a, circo, m&uacute;sica, artes visuais e de integra&ccedil;&atilde;o entre as artes. O encontro foi na Sala Sidney Miller, no Rio de Janeiro, e contou com a presen&ccedil;a da secret&aacute;ria de Cidadania Cultural, Marta Porto; do representante regional do Minist&eacute;rio da Cultura, Andr&eacute; Diniz; da bailarina e core&oacute;grafa Angel Vianna; dos atores Paulo Betti e Cristina Pereira, al&eacute;m de profissionais da &aacute;rea da cultura.<\/p>\n<p>Com or&ccedil;amento quase 50% maior que o do ano passado, ser&aacute; lan&ccedil;ado at&eacute; o fim de agosto o Pr&ecirc;mio Myriam Muniz, uma das principais a&ccedil;&otilde;es de est&iacute;mulo &agrave; produ&ccedil;&atilde;o teatral no pa&iacute;s. O investimento no programa, que em 2010 foi de R$ 7 milh&otilde;es, passou este ano para R$ 10 milh&otilde;es. Al&eacute;m disso, est&atilde;o programadas a retomada do projeto Mambemb&atilde;o, de est&iacute;mulo &agrave; circula&ccedil;&atilde;o de espet&aacute;culos; a reabertura do Teatro Dulcina, no dia 2 de agosto; e a estreia sulamericana do espet&aacute;culo &ldquo;Uma flauta m&aacute;gica&rdquo;, de Peter Brook, em setembro (que faz parte da programa&ccedil;&atilde;o especial do Teatro Dulcina).<\/p>\n<p>Tamb&eacute;m ser&atilde;o lan&ccedil;adas as novas edi&ccedil;&otilde;es do Pr&ecirc;mio Klauss Vianna de Dan&ccedil;a e do Pr&ecirc;mio Carequinha de Est&iacute;mulo ao Circo, cada um com investimento de R$ 4,5 milh&otilde;es; e, ainda, do Programa Rede Nacional de Artes Visuais, que contar&aacute; com R$ 1,9 milh&atilde;o. Em outubro, ser&aacute; realizada a 19&ordf; Bienal de M&uacute;sica Contempor&acirc;nea Brasileira, considerada a mais importante mostra de m&uacute;sica erudita do pa&iacute;s.<\/p>\n<p>Com o objetivo de descentralizar a pol&iacute;tica de fomento, o programa Microprojetos Mais Cultura Rio S&atilde;o Francisco, conceder&aacute; pr&ecirc;mios de R$ 15 mil para que pequenos produtores possam viabilizar seus projetos. O investimento total do programa &eacute; de R$ 16,2 milh&otilde;es.<\/p>\n<p>Outra novidade &eacute; a digitaliza&ccedil;&atilde;o do acervo Walter Pinto, um dos maiores empres&aacute;rios do Teatro de Revista, e que ser&aacute; tamb&eacute;m transformado em livro. A a&ccedil;&atilde;o faz parte do projeto Brasil Mem&oacute;ria das Artes, que conta com patroc&iacute;nio da Petrobras no valor de R$ 1 milh&atilde;o. Com a digitaliza&ccedil;&atilde;o de seu acervo, a Funarte preserva e torna acess&iacute;vel ao p&uacute;blico, atrav&eacute;s da internet, a mem&oacute;ria cultural brasileira.<\/p>\n<p>No fim de agosto, dever&atilde;o ser divulgados os resultados dos Pr&ecirc;mios ProCultura, com investimentos de R$ 48 milh&otilde;es nas &aacute;reas de teatro, dan&ccedil;a, circo, artes visuais e m&uacute;sica. E, ainda no m&ecirc;s de julho, come&ccedil;a o processo de sele&ccedil;&atilde;o de projetos para a ocupa&ccedil;&atilde;o de dezenove espa&ccedil;os culturais da Funarte. Al&eacute;m disso, est&atilde;o mantidos o apoio &agrave; literatura, &agrave; fotografia, &agrave; cria&ccedil;&atilde;o em m&uacute;sica erudita e &agrave; circula&ccedil;&atilde;o de m&uacute;sica popular, al&eacute;m das oficinas de capacita&ccedil;&atilde;o t&eacute;cnica e art&iacute;stica em diferentes segmentos.<\/p>\n<p>Durante o evento, o presidente da Funarte fez quest&atilde;o de apresentar ao p&uacute;blico a Triga de Ouro, pr&ecirc;mio m&aacute;ximo da Quadrienal de Praga, o maior evento de cenografia do mundo. O trof&eacute;u foi conquistado pela participa&ccedil;&atilde;o brasileira no evento. &ldquo;Mais do que um pr&ecirc;mio para a Funarte, &eacute; um pr&ecirc;mio ao talento e ao trabalho do artista brasileiro&rdquo;, definiu Grassi. Sobre as a&ccedil;&otilde;es da Funarte, ele disse que s&atilde;o v&aacute;rios os desafios, mas cabe &agrave; institui&ccedil;&atilde;o, em trabalho integrado com o Minist&eacute;rio da Cultura e outras secretarias, avan&ccedil;ar nas conquistas.<\/p>\n","protected":false},"excerpt":{"rendered":"<p>O presidente da Funda\u00e7\u00e3o Nacional de Artes, Antonio Grassi, anunciou, esta semana, os programas de fomento \u00e0s artes em 2011. Ser\u00e3o investidos mais de R$ 100 milh\u00f5es em projetos nas \u00e1reas de teatro, dan\u00e7a, circo, m\u00fasica, artes visuais e de integra\u00e7\u00e3o entre as artes. <\/p>\n<p>O encontro foi na Sala Sidney Miller, no Rio de Janeiro, e contou com a presen\u00e7a da secret\u00e1ria de Cidadania Cultural, Marta Porto; do representante regional do Minist\u00e9rio da Cultura, Andr\u00e9 Diniz; da bailarina e core\u00f3grafa Angel Vianna; dos atores Paulo Betti e Cristina Pereira, al\u00e9m de profissionais da \u00e1rea da cultura.<\/p>\n","protected":false},"author":1,"featured_media":29404,"comment_status":"open","ping_status":"open","sticky":false,"template":"","format":"standard","meta":{"footnotes":""},"categories":[1],"tags":[6985,6984,272],"class_list":["post-29405","post","type-post","status-publish","format-standard","has-post-thumbnail","hentry","category-noticias-zeca-dirceu","tag-culturas","tag-funart","tag-investimentos"],"_links":{"self":[{"href":"https:\/\/teste.bsb.br\/zeca\/wp-json\/wp\/v2\/posts\/29405","targetHints":{"allow":["GET"]}}],"collection":[{"href":"https:\/\/teste.bsb.br\/zeca\/wp-json\/wp\/v2\/posts"}],"about":[{"href":"https:\/\/teste.bsb.br\/zeca\/wp-json\/wp\/v2\/types\/post"}],"author":[{"embeddable":true,"href":"https:\/\/teste.bsb.br\/zeca\/wp-json\/wp\/v2\/users\/1"}],"replies":[{"embeddable":true,"href":"https:\/\/teste.bsb.br\/zeca\/wp-json\/wp\/v2\/comments?post=29405"}],"version-history":[{"count":0,"href":"https:\/\/teste.bsb.br\/zeca\/wp-json\/wp\/v2\/posts\/29405\/revisions"}],"wp:featuredmedia":[{"embeddable":true,"href":"https:\/\/teste.bsb.br\/zeca\/wp-json\/wp\/v2\/media\/29404"}],"wp:attachment":[{"href":"https:\/\/teste.bsb.br\/zeca\/wp-json\/wp\/v2\/media?parent=29405"}],"wp:term":[{"taxonomy":"category","embeddable":true,"href":"https:\/\/teste.bsb.br\/zeca\/wp-json\/wp\/v2\/categories?post=29405"},{"taxonomy":"post_tag","embeddable":true,"href":"https:\/\/teste.bsb.br\/zeca\/wp-json\/wp\/v2\/tags?post=29405"}],"curies":[{"name":"wp","href":"https:\/\/api.w.org\/{rel}","templated":true}]}}