{"id":29363,"date":"2011-07-21T00:00:00","date_gmt":"2011-07-21T03:00:00","guid":{"rendered":"https:\/\/www.zecadirceu.com.br\/prouni-forma-174-mil-jovens-em-seis-anos\/"},"modified":"2011-07-21T00:00:00","modified_gmt":"2011-07-21T03:00:00","slug":"prouni-forma-174-mil-jovens-em-seis-anos","status":"publish","type":"post","link":"https:\/\/teste.bsb.br\/zeca\/prouni-forma-174-mil-jovens-em-seis-anos\/","title":{"rendered":"Prouni forma 174 mil jovens em seis anos"},"content":{"rendered":"<p>Em&nbsp;pouco mais de seis&nbsp;anos, o Programa Universidade para Todos (ProUni) formou 174,5 mil jovens e custeia atualmente os estudos de outros 464,5 mil, com a oferta de bolsas. <\/p>\n<p>O Prouni mostra-se um programa propositivo e pragm&aacute;tico, com resultados expressivos&nbsp;no processo de&nbsp;democratiza&ccedil;&atilde;o do ensino superior, algo simplesmente ignorado, at&eacute; pouco tempo,&nbsp;no pa&iacute;s.&nbsp;<\/p>\n<p>O resultado desse investimento federal &eacute; um up-grade na educa&ccedil;&atilde;o, na qualifica&ccedil;&atilde;o dos profissionais inseridos no mercado de trabalho e, consequentemente, no progresso e desenvolvimento do pa&iacute;s.&nbsp;<\/p>\n<p>De acordo com o secret&aacute;rio de educa&ccedil;&atilde;o superior do Minist&eacute;rio da Educa&ccedil;&atilde;o, Luiz Cl&aacute;udio Costa, o ProUni associa qualidade, excel&ecirc;ncia e inclus&atilde;o. O secret&aacute;rio destaca que nos processos seletivos a procura pelo ProUni rivaliza com a do Sistema de Sele&ccedil;&atilde;o Unificada (Sisu), que seleciona estudantes para as institui&ccedil;&otilde;es federais de ensino superior.<br \/>\n&nbsp;<br \/>\nNo primeiro semestre deste ano, 1,08 milh&atilde;o de candidatos concorreram &agrave; vagas do Sisu e 1,04 milh&atilde;o, do ProUni. Chama a aten&ccedil;&atilde;o, segundo Costa, que no primeiro semestre, de 1,04 milh&atilde;o estudantes, 508,9 mil optaram por disputar vagas na gradua&ccedil;&atilde;o apenas pelo ProUni. &ldquo;Eles poderiam ter feito o Sisu porque atenderiam os crit&eacute;rios; isso mostra a relev&acirc;ncia social do programa&rdquo;, disse.<br \/>\n&nbsp;<br \/>\nNa avalia&ccedil;&atilde;o do secret&aacute;rio, al&eacute;m de promover a inclus&atilde;o de jovens de uma classe social mais vulner&aacute;vel, o ProUni &eacute; respons&aacute;vel por uma transforma&ccedil;&atilde;o cultural importante. &ldquo;V&aacute;rios desses alunos s&atilde;o os primeiros membros de suas fam&iacute;lias, em muitas gera&ccedil;&otilde;es, que t&ecirc;m diploma de ensino superior&rdquo;, salientou. &ldquo;Isso gera um impacto muito grande na fam&iacute;lia e na comunidade&rdquo;.<br \/>\n&nbsp;<br \/>\nOs dez cursos que mais formaram profissionais com bolsas do ProUni, com base em dados da Secretaria de Educa&ccedil;&atilde;o Superior (Sesu), s&atilde;o os de administra&ccedil;&atilde;o (23.429 graduados); pedagogia (13.856), direito (11.263), enfermagem (7.737), ci&ecirc;ncias cont&aacute;beis (7.454), educa&ccedil;&atilde;o f&iacute;sica (5.822), gest&atilde;o de recursos humanos (4.589), fisioterapia (3.785), ci&ecirc;ncias biol&oacute;gicas (3.355) e farm&aacute;cia (2.876). No conjunto, os cursos de licenciatura formaram 40.514 jovens.<br \/>\n&nbsp;<br \/>\nO ProUni tamb&eacute;m faz parte das metas do Plano Nacional de Educa&ccedil;&atilde;o (PNE) para 2011-2020, em an&aacute;lise no Congresso Nacional &mdash; Projeto de Lei n&ordm; 8.035\/2010. A expectativa &eacute; que o programa atenda a mais quatro milh&otilde;es de jovens. &ldquo;Para alcan&ccedil;ar esse objetivo vamos precisar da participa&ccedil;&atilde;o dos setores p&uacute;blico e privado&rdquo;, disse o secret&aacute;rio.<\/p>\n<p>\n&nbsp;<\/p>\n","protected":false},"excerpt":{"rendered":"<p>Em pouco mais de seis anos, o Programa Universidade para Todos (ProUni) formou 174,5 mil jovens e custeia atualmente os estudos de outros 464,5 mil, com a oferta de bolsas. <\/p>\n<p>O Prouni mostra-se um programa propositivo e pragm\u00e1tico, com resultados expressivos no processo de democratiza\u00e7\u00e3o do ensino superior, algo simplesmente ignorado, at\u00e9 pouco tempo, no pa\u00eds. O resultado desse investimento federal \u00e9 um up-grade na educa\u00e7\u00e3o, na qualifica\u00e7\u00e3o dos profissionais inseridos no mercado de trabalho e, consequentemente, no progresso e desenvolvimento do pa\u00eds.<\/p>\n","protected":false},"author":1,"featured_media":29362,"comment_status":"open","ping_status":"open","sticky":false,"template":"","format":"standard","meta":{"footnotes":""},"categories":[1],"tags":[6974,646,1023],"class_list":["post-29363","post","type-post","status-publish","format-standard","has-post-thumbnail","hentry","category-noticias-zeca-dirceu","tag-formar","tag-jovens","tag-prouni"],"_links":{"self":[{"href":"https:\/\/teste.bsb.br\/zeca\/wp-json\/wp\/v2\/posts\/29363","targetHints":{"allow":["GET"]}}],"collection":[{"href":"https:\/\/teste.bsb.br\/zeca\/wp-json\/wp\/v2\/posts"}],"about":[{"href":"https:\/\/teste.bsb.br\/zeca\/wp-json\/wp\/v2\/types\/post"}],"author":[{"embeddable":true,"href":"https:\/\/teste.bsb.br\/zeca\/wp-json\/wp\/v2\/users\/1"}],"replies":[{"embeddable":true,"href":"https:\/\/teste.bsb.br\/zeca\/wp-json\/wp\/v2\/comments?post=29363"}],"version-history":[{"count":0,"href":"https:\/\/teste.bsb.br\/zeca\/wp-json\/wp\/v2\/posts\/29363\/revisions"}],"wp:featuredmedia":[{"embeddable":true,"href":"https:\/\/teste.bsb.br\/zeca\/wp-json\/wp\/v2\/media\/29362"}],"wp:attachment":[{"href":"https:\/\/teste.bsb.br\/zeca\/wp-json\/wp\/v2\/media?parent=29363"}],"wp:term":[{"taxonomy":"category","embeddable":true,"href":"https:\/\/teste.bsb.br\/zeca\/wp-json\/wp\/v2\/categories?post=29363"},{"taxonomy":"post_tag","embeddable":true,"href":"https:\/\/teste.bsb.br\/zeca\/wp-json\/wp\/v2\/tags?post=29363"}],"curies":[{"name":"wp","href":"https:\/\/api.w.org\/{rel}","templated":true}]}}