{"id":29329,"date":"2011-07-22T00:00:00","date_gmt":"2011-07-22T03:00:00","guid":{"rendered":"https:\/\/www.zecadirceu.com.br\/esquadrilha-da-fumaca-devera-se-apresentar-em-duas-regioes-do-parana\/"},"modified":"2011-07-22T00:00:00","modified_gmt":"2011-07-22T03:00:00","slug":"esquadrilha-da-fumaca-devera-se-apresentar-em-duas-regioes-do-parana","status":"publish","type":"post","link":"https:\/\/teste.bsb.br\/zeca\/esquadrilha-da-fumaca-devera-se-apresentar-em-duas-regioes-do-parana\/","title":{"rendered":"Esquadrilha da Fuma\u00e7a dever\u00e1 se apresentar em duas regi\u00f5es do Paran\u00e1"},"content":{"rendered":"<p>&nbsp;&nbsp;&nbsp;&nbsp;&nbsp;&nbsp;&nbsp;&nbsp;&nbsp;&nbsp;&nbsp; Em novembro deste ano, a Esquadrilha da Fuma&ccedil;a dever&aacute; se apresentar em Tuneiras do Oeste, no Noroeste do Paran&aacute; e em Santo Ant&ocirc;nio, no Sudoeste do estado. O deputado Zeca Dirceu (PT-PR) &eacute; quem vem articulando com o Comando da Aeron&aacute;utica a ida do esquadr&atilde;o ao Paran&aacute;.<br \/>\n&nbsp;&nbsp;&nbsp;&nbsp;&nbsp;&nbsp;&nbsp;&nbsp;&nbsp;&nbsp;&nbsp; Na &uacute;ltima quinta-feira, o deputado recebeu da assessoria parlamentar do Comando da Aeron&aacute;utica a not&iacute;cia de que est&atilde;o pr&eacute;-agendadas no calend&aacute;rio do Minist&eacute;rio da Defesa as apresenta&ccedil;&otilde;es nos dois munic&iacute;pios. Em Tuneiras, o esquadr&atilde;o dever&aacute; se apresentar na festa de comemora&ccedil;&atilde;o do Dia da Padroeira, que acontece no in&iacute;cio de novembro. Em Santo Ant&ocirc;nio do Sudoeste, a apresenta&ccedil;&atilde;o dever&aacute; acontecer na VII Festa Internacional do Frango, que ser&aacute; na primeira quinzena do mesmo m&ecirc;s. A confirma&ccedil;&atilde;o ser&aacute; feita faltando dois meses para a data do evento.<br \/>\n&nbsp;&nbsp;&nbsp;&nbsp;&nbsp;&nbsp;&nbsp;&nbsp;&nbsp;&nbsp;&nbsp; &ldquo;Ser&aacute; muito significativa a ida da Esquadrilha da Fuma&ccedil;a nestas regi&otilde;es. S&atilde;o eventos muito importantes que re&uacute;nem mais de 30.000 pessoas do Paran&aacute; e de estados vizinhos. Fico muito satisfeito em colaborar para a valoriza&ccedil;&atilde;o da For&ccedil;a A&eacute;rea Brasileira e do sentimento de nacionalismo dos cidad&atilde;os paranaenses. Estou muito otimista que teremos sucesso nessa empreitada&rdquo;, comemora o deputado Zeca Dirceu.<\/p>\n<p><strong>&nbsp;&nbsp;&nbsp;&nbsp;&nbsp;&nbsp;&nbsp;&nbsp;&nbsp;&nbsp;&nbsp; A ess&ecirc;ncia da Esquadrilha<\/strong><br \/>\n&nbsp;&nbsp;&nbsp;&nbsp;&nbsp;&nbsp;&nbsp;&nbsp;&nbsp;&nbsp;&nbsp; Esquadrilha da Fuma&ccedil;a &eacute; o nome popular do Esquadr&atilde;o de Demonstra&ccedil;&atilde;o A&eacute;rea &ndash; EDA &ndash; um grupo de pilotos e mec&acirc;nicos da For&ccedil;a A&eacute;rea Brasileira &#8211; FAB &#8211; que fazem demonstra&ccedil;&otilde;es de acrobacias a&eacute;reas pelo Brasil e pelo mundo. Entre outras atribui&ccedil;&otilde;es, o esquadr&atilde;o estimula e desenvolve voca&ccedil;&otilde;es e mentalidades aeron&aacute;uticas, al&eacute;m de valorizar o esp&iacute;rito de determina&ccedil;&atilde;o dos cadetes da FAB.<\/p>\n","protected":false},"excerpt":{"rendered":"<p>Em novembro deste ano, a Esquadrilha da Fuma\u00e7a dever\u00e1 se apresentar em Tuneiras do Oeste, no Noroeste do Paran\u00e1 e em Santo Ant\u00f4nio, no Sudoeste do estado. O deputado Zeca Dirceu (PT-PR) \u00e9 quem vem articulando com o Comando da Aeron\u00e1utica a ida do esquadr\u00e3o ao Paran\u00e1.<\/p>\n","protected":false},"author":1,"featured_media":29328,"comment_status":"open","ping_status":"open","sticky":false,"template":"","format":"standard","meta":{"footnotes":""},"categories":[1],"tags":[6961,6960,86],"class_list":["post-29329","post","type-post","status-publish","format-standard","has-post-thumbnail","hentry","category-noticias-zeca-dirceu","tag-aeronautica","tag-esquadrilha","tag-parana"],"_links":{"self":[{"href":"https:\/\/teste.bsb.br\/zeca\/wp-json\/wp\/v2\/posts\/29329","targetHints":{"allow":["GET"]}}],"collection":[{"href":"https:\/\/teste.bsb.br\/zeca\/wp-json\/wp\/v2\/posts"}],"about":[{"href":"https:\/\/teste.bsb.br\/zeca\/wp-json\/wp\/v2\/types\/post"}],"author":[{"embeddable":true,"href":"https:\/\/teste.bsb.br\/zeca\/wp-json\/wp\/v2\/users\/1"}],"replies":[{"embeddable":true,"href":"https:\/\/teste.bsb.br\/zeca\/wp-json\/wp\/v2\/comments?post=29329"}],"version-history":[{"count":0,"href":"https:\/\/teste.bsb.br\/zeca\/wp-json\/wp\/v2\/posts\/29329\/revisions"}],"wp:featuredmedia":[{"embeddable":true,"href":"https:\/\/teste.bsb.br\/zeca\/wp-json\/wp\/v2\/media\/29328"}],"wp:attachment":[{"href":"https:\/\/teste.bsb.br\/zeca\/wp-json\/wp\/v2\/media?parent=29329"}],"wp:term":[{"taxonomy":"category","embeddable":true,"href":"https:\/\/teste.bsb.br\/zeca\/wp-json\/wp\/v2\/categories?post=29329"},{"taxonomy":"post_tag","embeddable":true,"href":"https:\/\/teste.bsb.br\/zeca\/wp-json\/wp\/v2\/tags?post=29329"}],"curies":[{"name":"wp","href":"https:\/\/api.w.org\/{rel}","templated":true}]}}