{"id":29321,"date":"2011-07-22T00:00:00","date_gmt":"2011-07-22T03:00:00","guid":{"rendered":"https:\/\/www.zecadirceu.com.br\/ministerio-disponibiliza-recursos-para-reforma-de-unidades-basicas-de-saude\/"},"modified":"2011-07-22T00:00:00","modified_gmt":"2011-07-22T03:00:00","slug":"ministerio-disponibiliza-recursos-para-reforma-de-unidades-basicas-de-saude","status":"publish","type":"post","link":"https:\/\/teste.bsb.br\/zeca\/ministerio-disponibiliza-recursos-para-reforma-de-unidades-basicas-de-saude\/","title":{"rendered":"Minist\u00e9rio disponibiliza recursos para reforma de Unidades B\u00e1sicas de Sa\u00fade"},"content":{"rendered":"<p>&nbsp;&nbsp;&nbsp; Unidades B&aacute;sicas de Sa&uacute;de que tenham Sa&uacute;de Bucal ou dentista cadastrado no Cadastro Nacional de Estabelecimentos de Sa&uacute;de (CNES) podem inserir propostas no Sistema de Conv&ecirc;nios (Siconv) para receber recursos federais destinados &agrave; reforma das unidades. O prazo para inser&ccedil;&atilde;o das propostas se encerra dia 29 de julho.<\/p>\n<p>&nbsp;&nbsp;&nbsp; Os recursos podem ser utilizados para reparos de pintura, teto, rede hidr&aacute;ulica, el&eacute;trica, piso e troca de janela. Vale ressaltar que n&atilde;o &eacute; permitido mexer na estrutura do im&oacute;vel. O valor m&iacute;nimo &eacute; de 100 mil reais, sendo poss&iacute;vel reformar mais de uma unidade com o recurso. <\/p>\n<p>&nbsp;&nbsp;&nbsp; Maiores informa&ccedil;&otilde;es no telefone: (44)3624-1054 no escrit&oacute;rio do Paran&aacute; (mandato Zeca Dirceu) ou por meio dos coordenadores do mandato nos emails: lilian@zecadirceu.com.br, alvarenga@zecadirceu.com.br, suzy@zecadirceu.com.br, leticia@zecadirceu.com.br.&nbsp; <\/p>\n","protected":false},"excerpt":{"rendered":"<p>Unidades B\u00e1sicas de Sa\u00fade que tenham Sa\u00fade Bucal ou dentista cadastrado no Cadastro Nacional de Estabelecimentos de Sa\u00fade (CNES) podem inserir propostas no Sistema de Conv\u00eanios (Siconv) para receber recursos federais destinados \u00e0 reforma das unidades. O prazo para inser\u00e7\u00e3o das propostas se encerra dia 29 de julho.<\/p>\n","protected":false},"author":1,"featured_media":29320,"comment_status":"open","ping_status":"open","sticky":false,"template":"","format":"standard","meta":{"footnotes":""},"categories":[1],"tags":[91,371,6],"class_list":["post-29321","post","type-post","status-publish","format-standard","has-post-thumbnail","hentry","category-noticias-zeca-dirceu","tag-recursos","tag-reforma","tag-saude"],"_links":{"self":[{"href":"https:\/\/teste.bsb.br\/zeca\/wp-json\/wp\/v2\/posts\/29321","targetHints":{"allow":["GET"]}}],"collection":[{"href":"https:\/\/teste.bsb.br\/zeca\/wp-json\/wp\/v2\/posts"}],"about":[{"href":"https:\/\/teste.bsb.br\/zeca\/wp-json\/wp\/v2\/types\/post"}],"author":[{"embeddable":true,"href":"https:\/\/teste.bsb.br\/zeca\/wp-json\/wp\/v2\/users\/1"}],"replies":[{"embeddable":true,"href":"https:\/\/teste.bsb.br\/zeca\/wp-json\/wp\/v2\/comments?post=29321"}],"version-history":[{"count":0,"href":"https:\/\/teste.bsb.br\/zeca\/wp-json\/wp\/v2\/posts\/29321\/revisions"}],"wp:featuredmedia":[{"embeddable":true,"href":"https:\/\/teste.bsb.br\/zeca\/wp-json\/wp\/v2\/media\/29320"}],"wp:attachment":[{"href":"https:\/\/teste.bsb.br\/zeca\/wp-json\/wp\/v2\/media?parent=29321"}],"wp:term":[{"taxonomy":"category","embeddable":true,"href":"https:\/\/teste.bsb.br\/zeca\/wp-json\/wp\/v2\/categories?post=29321"},{"taxonomy":"post_tag","embeddable":true,"href":"https:\/\/teste.bsb.br\/zeca\/wp-json\/wp\/v2\/tags?post=29321"}],"curies":[{"name":"wp","href":"https:\/\/api.w.org\/{rel}","templated":true}]}}