{"id":29297,"date":"2011-07-23T00:00:00","date_gmt":"2011-07-23T03:00:00","guid":{"rendered":"https:\/\/www.zecadirceu.com.br\/eduardo-scirea-e-zeca-dirceu-tem-audiencias-em-brasilia\/"},"modified":"2011-07-23T00:00:00","modified_gmt":"2011-07-23T03:00:00","slug":"eduardo-scirea-e-zeca-dirceu-tem-audiencias-em-brasilia","status":"publish","type":"post","link":"https:\/\/teste.bsb.br\/zeca\/eduardo-scirea-e-zeca-dirceu-tem-audiencias-em-brasilia\/","title":{"rendered":"Eduardo Scirea e Zeca Dirceu t\u00eam audi\u00eancias em Bras\u00edlia"},"content":{"rendered":"<p>O petista Eduardo Scirea, que coordenou em Francisco Beltr&atilde;o a campanha de Zeca Dirceu (PT) &agrave; C&acirc;mara dos Deputados, viajar&aacute; &agrave; Bras&iacute;lia nos dias 2 e 3 de agosto para acompanhar os encaminhamentos das reivindica&ccedil;&otilde;es do munic&iacute;pio e regi&atilde;o junto a minist&eacute;rios e &oacute;rg&atilde;os do governo federal.<\/p>\n<p>&ldquo;O Zeca est&aacute; conferindo uma aten&ccedil;&atilde;o especial aos nossos munic&iacute;pios. Assim como o acolhemos aqui, ele retribui com compromisso, priorizando nossas demandas na sua agenda de trabalho e no trabalho de sua equipe de mandato&rdquo;, disse Eduardo Scirea.<\/p>\n<p>do <a href=\"http:\/\/www.tosabendo.com\">www.tosabendo.com<\/a><\/p>\n","protected":false},"excerpt":{"rendered":"<p>O petista Eduardo Scirea, que coordenou em Francisco Beltr\u00e3o a campanha de Zeca Dirceu (PT) \u00e0 C\u00e2mara dos Deputados, viajar\u00e1 \u00e0 Bras\u00edlia nos dias 2 e 3 de agosto para acompanhar os encaminhamentos das reivindica\u00e7\u00f5es do munic\u00edpio e regi\u00e3o junto a minist\u00e9rios e \u00f3rg\u00e3os do governo federal. <\/p>\n<p>\u201cO Zeca est\u00e1 conferindo uma aten\u00e7\u00e3o especial aos nossos munic\u00edpios. Assim como o acolhemos aqui, ele retribui com compromisso, priorizando nossas demandas na sua agenda de trabalho e no trabalho de sua equipe de mandato\u201d, disse Eduardo Scirea.<\/p>\n<p>do www.tosabendo.com<\/p>\n","protected":false},"author":1,"featured_media":29296,"comment_status":"open","ping_status":"open","sticky":false,"template":"","format":"standard","meta":{"footnotes":""},"categories":[1],"tags":[6949,6948,125],"class_list":["post-29297","post","type-post","status-publish","format-standard","has-post-thumbnail","hentry","category-noticias-zeca-dirceu","tag-audiencias-em-brasilia","tag-eduardo-scirea","tag-zeca-dirceu"],"_links":{"self":[{"href":"https:\/\/teste.bsb.br\/zeca\/wp-json\/wp\/v2\/posts\/29297","targetHints":{"allow":["GET"]}}],"collection":[{"href":"https:\/\/teste.bsb.br\/zeca\/wp-json\/wp\/v2\/posts"}],"about":[{"href":"https:\/\/teste.bsb.br\/zeca\/wp-json\/wp\/v2\/types\/post"}],"author":[{"embeddable":true,"href":"https:\/\/teste.bsb.br\/zeca\/wp-json\/wp\/v2\/users\/1"}],"replies":[{"embeddable":true,"href":"https:\/\/teste.bsb.br\/zeca\/wp-json\/wp\/v2\/comments?post=29297"}],"version-history":[{"count":0,"href":"https:\/\/teste.bsb.br\/zeca\/wp-json\/wp\/v2\/posts\/29297\/revisions"}],"wp:featuredmedia":[{"embeddable":true,"href":"https:\/\/teste.bsb.br\/zeca\/wp-json\/wp\/v2\/media\/29296"}],"wp:attachment":[{"href":"https:\/\/teste.bsb.br\/zeca\/wp-json\/wp\/v2\/media?parent=29297"}],"wp:term":[{"taxonomy":"category","embeddable":true,"href":"https:\/\/teste.bsb.br\/zeca\/wp-json\/wp\/v2\/categories?post=29297"},{"taxonomy":"post_tag","embeddable":true,"href":"https:\/\/teste.bsb.br\/zeca\/wp-json\/wp\/v2\/tags?post=29297"}],"curies":[{"name":"wp","href":"https:\/\/api.w.org\/{rel}","templated":true}]}}