{"id":29200,"date":"2011-07-28T00:00:00","date_gmt":"2011-07-28T03:00:00","guid":{"rendered":"https:\/\/www.zecadirceu.com.br\/jose-dirceu-afirma-que-previas-no-pt-nao-dependem-dos-dirigentes\/"},"modified":"2011-07-28T00:00:00","modified_gmt":"2011-07-28T03:00:00","slug":"jose-dirceu-afirma-que-previas-no-pt-nao-dependem-dos-dirigentes","status":"publish","type":"post","link":"https:\/\/teste.bsb.br\/zeca\/jose-dirceu-afirma-que-previas-no-pt-nao-dependem-dos-dirigentes\/","title":{"rendered":"Jos\u00e9 Dirceu afirma que pr\u00e9vias no PT n\u00e3o dependem dos dirigentes"},"content":{"rendered":"<p>Meu pai e ex-ministro Jos&eacute; Dirceu segue despertando a aten&ccedil;&atilde;o da m&iacute;dia com posi&ccedil;&otilde;es coerentes e firmes sobre os movimentos pol&iacute;ticos no cen&aacute;rio nacional. A Folha de S&atilde;o Paulo publicou, nesta quinta-feira, 28, algumas afirma&ccedil;&otilde;es de Z&eacute; Dirceu quanto a realiza&ccedil;&atilde;o ou n&atilde;o das pr&eacute;vias no PT. Segundo o petista relata em seu&nbsp;site pessoal,&nbsp; as pr&eacute;vias no PT s&atilde;o um &quot;direito estatut&aacute;rio&quot; da legenda e, portanto, &quot;independem da vontade das dire&ccedil;&otilde;es partid&aacute;rias&quot;. Para ele, &eacute; dif&iacute;cil a &quot;miss&atilde;o&quot; de evitar o pleito interno e chegar a um consenso no &quot;caso concreto&quot; das elei&ccedil;&otilde;es para a Prefeitura de S&atilde;o Paulo.<\/p>\n<p>Em seu texto, publicado na ter&ccedil;a-feira (26) no blog, o petista se referiu &agrave; declara&ccedil;&atilde;o do ex-presidente Luiz In&aacute;cio Lula da Silva de que n&atilde;o era contra pr&eacute;vias no PT. &quot;Fui eu quem criou as pr&eacute;vias no PT&quot;, afirmou Lula na ocasi&atilde;o.<\/p>\n<p>Lula j&aacute; declarou seu apoio ao nome do ministro da Educa&ccedil;&atilde;o Fernando Haddad. Tamb&eacute;m j&aacute; anunciaram a disposi&ccedil;&atilde;o de concorrer &agrave; prefeitura paulista pelo PT a senadora e ex-prefeita Marta Suplicy e o senador Eduardo Suplicy.<\/p>\n<p>Segundo Dirceu, as pr&eacute;vias s&oacute; s&atilde;o descartadas &quot;por acordo pol&iacute;tico, ou por desist&ecirc;ncia do concorrente, convencido pelos n&uacute;meros e lideran&ccedil;as a abandonar a id&eacute;ia de realiz&aacute;-la&quot;.O ex-ministro da Casa Civil do governo Lula sugeriu que o debate sobre a realiza&ccedil;&atilde;o ou n&atilde;o das pr&eacute;vias deve ser feito com as bases petistas e a sociedade. E, em sua opini&atilde;o, o mais prov&aacute;vel &eacute; que n&atilde;o haja consenso de um candidato &uacute;nico dentro do partido.<\/p>\n<p>&quot;Tempo e forma dir&atilde;o se somos capazes de convencer n&atilde;o apenas os filiados e militantes, mas os demais pr&eacute;-candidatos de que n&atilde;o vale a pena fazer uma pr&eacute;via. Reconhe&ccedil;o, a miss&atilde;o &eacute; dif&iacute;cil.&quot;<\/p>\n<p>&nbsp;<\/p>\n","protected":false},"excerpt":{"rendered":"<p>Meu pai e ex-ministro Jos\u00e9 Dirceu segue despertando a aten\u00e7\u00e3o da m\u00eddia com posi\u00e7\u00f5es coerentes e firmes sobre os movimentos pol\u00edticos no cen\u00e1rio nacional. A Folha de S\u00e3o Paulo publicou, nesta quinta-feira, 28, algumas afirma\u00e7\u00f5es de Z\u00e9 Dirceu quanto a realiza\u00e7\u00e3o ou n\u00e3o das pr\u00e9vias no PT. <\/p>\n<p>Segundo o petista relata em seu site pessoal,  as pr\u00e9vias no PT s\u00e3o um &#8220;direito estatut\u00e1rio&#8221; da legenda e, portanto, &#8220;independem da vontade das dire\u00e7\u00f5es partid\u00e1rias&#8221;. Para ele, \u00e9 dif\u00edcil a &#8220;miss\u00e3o&#8221; de evitar o pleito interno e chegar a um consenso no &#8220;caso concreto&#8221; das elei\u00e7\u00f5es para a Prefeitura de S\u00e3o Paulo.<\/p>\n","protected":false},"author":1,"featured_media":29199,"comment_status":"open","ping_status":"open","sticky":false,"template":"","format":"standard","meta":{"footnotes":""},"categories":[1],"tags":[3514,6916,117],"class_list":["post-29200","post","type-post","status-publish","format-standard","has-post-thumbnail","hentry","category-noticias-zeca-dirceu","tag-jose-dirceu","tag-previas","tag-pt"],"_links":{"self":[{"href":"https:\/\/teste.bsb.br\/zeca\/wp-json\/wp\/v2\/posts\/29200","targetHints":{"allow":["GET"]}}],"collection":[{"href":"https:\/\/teste.bsb.br\/zeca\/wp-json\/wp\/v2\/posts"}],"about":[{"href":"https:\/\/teste.bsb.br\/zeca\/wp-json\/wp\/v2\/types\/post"}],"author":[{"embeddable":true,"href":"https:\/\/teste.bsb.br\/zeca\/wp-json\/wp\/v2\/users\/1"}],"replies":[{"embeddable":true,"href":"https:\/\/teste.bsb.br\/zeca\/wp-json\/wp\/v2\/comments?post=29200"}],"version-history":[{"count":0,"href":"https:\/\/teste.bsb.br\/zeca\/wp-json\/wp\/v2\/posts\/29200\/revisions"}],"wp:featuredmedia":[{"embeddable":true,"href":"https:\/\/teste.bsb.br\/zeca\/wp-json\/wp\/v2\/media\/29199"}],"wp:attachment":[{"href":"https:\/\/teste.bsb.br\/zeca\/wp-json\/wp\/v2\/media?parent=29200"}],"wp:term":[{"taxonomy":"category","embeddable":true,"href":"https:\/\/teste.bsb.br\/zeca\/wp-json\/wp\/v2\/categories?post=29200"},{"taxonomy":"post_tag","embeddable":true,"href":"https:\/\/teste.bsb.br\/zeca\/wp-json\/wp\/v2\/tags?post=29200"}],"curies":[{"name":"wp","href":"https:\/\/api.w.org\/{rel}","templated":true}]}}