{"id":29198,"date":"2011-07-28T00:00:00","date_gmt":"2011-07-28T03:00:00","guid":{"rendered":"https:\/\/www.zecadirceu.com.br\/dilma-e-cristina-kirchner-se-reunem-na-sexta-em-brasilia\/"},"modified":"2011-07-28T00:00:00","modified_gmt":"2011-07-28T03:00:00","slug":"dilma-e-cristina-kirchner-se-reunem-na-sexta-em-brasilia","status":"publish","type":"post","link":"https:\/\/teste.bsb.br\/zeca\/dilma-e-cristina-kirchner-se-reunem-na-sexta-em-brasilia\/","title":{"rendered":"Dilma e Cristina Kirchner se re\u00fanem na sexta em Bras\u00edlia"},"content":{"rendered":"<p>Depois de participar da cerim&ocirc;nia de posse de Ollanta Humalla na Presid&ecirc;ncia do Peru, nesta quinta-feira (28), a presidenta Dilma Rousseff e a presidenta da Argentina, Cristina Kirchner, seguir&atilde;o para Bras&iacute;lia. Na sexta-feira (29), elas ter&atilde;o mais um encontro bilateral, que dar&aacute; sequ&ecirc;ncia &agrave;s reuni&otilde;es semestrais entre Dilma e seus colegas do Mercosul e da Venezuela.<\/p>\n<p>Embora vigorem restri&ccedil;&otilde;es impostas pelo governo da Argentina a uma s&eacute;rie de produtos brasileiros, o tema n&atilde;o consta oficialmente da pauta de discuss&atilde;o entre as duas presidentas. Isso n&atilde;o significa que Dilma e Cristina n&atilde;o possam falar sobre o assunto.<\/p>\n<p>Barreiras comerciais argentinas prejudicam produ&ccedil;&atilde;o e vendas Com&eacute;rcio Brasil-Argentina deve superar US$ 40 bi no anoO Pal&aacute;cio do Planalto sabe que &eacute; preciso superar as restri&ccedil;&otilde;es impostas pela Argentina, mas prefere deixar que as negocia&ccedil;&otilde;es sejam conduzidas pelo Minist&eacute;rio do Desenvolvimento, Ind&uacute;stria e Com&eacute;rcio (MDIC).<\/p>\n<p>J&aacute; o interesse de empresas argentinas em participar das obras destinadas &agrave; Copa do Mundo de 2014, em 12 cidades-sede, e &agrave;s Olimp&iacute;adas de 2016, no Rio de Janeiro, dever&aacute; ser trato pelas duas presidentas, segundo o embaixador do Brasil na Argentina, Enio Cordeiro.<\/p>\n<p>As restri&ccedil;&otilde;es &agrave; entrada de produtos brasileiros no pa&iacute;s vizinho foram ampliadas pelo governo de Cristina Kirchner, que lan&ccedil;ou uma s&eacute;rie de medidas protecionistas no primeiro semestre deste ano. A preocupa&ccedil;&atilde;o da Argentina &eacute; com o crescente super&aacute;vit comercial brasileiro.<\/p>\n<p>De acordo com o embaixador, &quot;os problemas comerciais que existem s&atilde;o menores&quot;. &quot;Para a Argentina, o d&eacute;ficit comercial &eacute; um problema. Estima-se que at&eacute; o final do ano o d&eacute;ficit na balan&ccedil;a comercial com o Brasil ser&aacute; de US$ 6 bilhoes.&quot;<\/p>\n<p>O Brasil, assinalou Cordeiro, &eacute; o maior mercado para os manufaturados argentinos. &quot;Cerca de 85% das exporta&ccedil;&otilde;es de manufaturados argentinos s&atilde;o para o Brasil. A Argentina tamb&eacute;m &eacute; o maior mercado para produtos industrializados brasileiros.&quot;<\/p>\n<p>Dilma foi &agrave; Argentina em janeiro deste ano, em sua primeira viagem internacional. Cristina Kirchner seguir&aacute; direto do Peru para Bras&iacute;lia. A previs&atilde;o &eacute; que elas tenham um encontro privado na parte da manh&atilde; e fa&ccedil;am uma declara&ccedil;&atilde;o conjunta &agrave; imprensa depois. De acordo com o porta-voz da Presid&ecirc;ncia da Rep&uacute;blica, Rodrigo Baena, n&atilde;o h&aacute; previs&atilde;o de assinatura de atos entre os dois governos.<\/p>\n<p>Ap&oacute;s a declara&ccedil;&atilde;o, a presidenta argentina participar&aacute; de um almo&ccedil;o no Pal&aacute;cio do Itamaraty. Na parte da tarde, Cristina Kisrchner participar&aacute; da inaugura&ccedil;&atilde;o da nova sede da Embaixada da Argentina em Bras&iacute;lia.<\/p>\n<p>&nbsp;<\/p>\n","protected":false},"excerpt":{"rendered":"<p>Depois de participar da cerim\u00f4nia de posse de Ollanta Humalla na Presid\u00eancia do Peru, nesta quinta-feira (28), a presidenta Dilma Rousseff e a presidenta da Argentina, Cristina Kirchner, seguir\u00e3o para Bras\u00edlia. <\/p>\n<p>Na sexta-feira (29), elas ter\u00e3o mais um encontro bilateral, que dar\u00e1 sequ\u00eancia \u00e0s reuni\u00f5es semestrais entre Dilma e seus colegas do Mercosul e da Venezuela.<\/p>\n","protected":false},"author":1,"featured_media":29197,"comment_status":"open","ping_status":"open","sticky":false,"template":"","format":"standard","meta":{"footnotes":""},"categories":[1],"tags":[12,6915,601],"class_list":["post-29198","post","type-post","status-publish","format-standard","has-post-thumbnail","hentry","category-noticias-zeca-dirceu","tag-brasilia","tag-cristina","tag-dilma"],"_links":{"self":[{"href":"https:\/\/teste.bsb.br\/zeca\/wp-json\/wp\/v2\/posts\/29198","targetHints":{"allow":["GET"]}}],"collection":[{"href":"https:\/\/teste.bsb.br\/zeca\/wp-json\/wp\/v2\/posts"}],"about":[{"href":"https:\/\/teste.bsb.br\/zeca\/wp-json\/wp\/v2\/types\/post"}],"author":[{"embeddable":true,"href":"https:\/\/teste.bsb.br\/zeca\/wp-json\/wp\/v2\/users\/1"}],"replies":[{"embeddable":true,"href":"https:\/\/teste.bsb.br\/zeca\/wp-json\/wp\/v2\/comments?post=29198"}],"version-history":[{"count":0,"href":"https:\/\/teste.bsb.br\/zeca\/wp-json\/wp\/v2\/posts\/29198\/revisions"}],"wp:featuredmedia":[{"embeddable":true,"href":"https:\/\/teste.bsb.br\/zeca\/wp-json\/wp\/v2\/media\/29197"}],"wp:attachment":[{"href":"https:\/\/teste.bsb.br\/zeca\/wp-json\/wp\/v2\/media?parent=29198"}],"wp:term":[{"taxonomy":"category","embeddable":true,"href":"https:\/\/teste.bsb.br\/zeca\/wp-json\/wp\/v2\/categories?post=29198"},{"taxonomy":"post_tag","embeddable":true,"href":"https:\/\/teste.bsb.br\/zeca\/wp-json\/wp\/v2\/tags?post=29198"}],"curies":[{"name":"wp","href":"https:\/\/api.w.org\/{rel}","templated":true}]}}