{"id":29186,"date":"2011-07-28T00:00:00","date_gmt":"2011-07-28T03:00:00","guid":{"rendered":"https:\/\/www.zecadirceu.com.br\/especialistas-internacionais-ministram-palestra-sobre-educacao-em-curitiba\/"},"modified":"2011-07-28T00:00:00","modified_gmt":"2011-07-28T03:00:00","slug":"especialistas-internacionais-ministram-palestra-sobre-educacao-em-curitiba","status":"publish","type":"post","link":"https:\/\/teste.bsb.br\/zeca\/especialistas-internacionais-ministram-palestra-sobre-educacao-em-curitiba\/","title":{"rendered":"Especialistas internacionais ministram palestra sobre educa\u00e7\u00e3o em Curitiba"},"content":{"rendered":"<p>Os especialistas em educa&ccedil;&atilde;o Martin Carnoy e Kazuhiro Yoshida ministram a palestra &quot;A hist&oacute;ria da Educa&ccedil;&atilde;o: Li&ccedil;&otilde;es internacionais e os recentes avan&ccedil;os do Brasil&quot;, na Sala Mundo Curitiba 2011 &#8211; Encontro Internacional de Educa&ccedil;&atilde;o, que acontece no Teatro Positivo, em Curitiba, de 17 a 18 de agosto.<\/p>\n<p>Martin Carnoy &eacute; doutor em economia pela Universidade de Chicago e professor na Universidade de Stanford (EUA). J&aacute; Kazuhiro Yoshida, &eacute; especialista em sistemas educacionais da &Aacute;sia e dos Estados Unidos e professor do Center for the Study of International Cooperation in Education, na Universidade de Hiroshima.<\/p>\n<p>As inscri&ccedil;&otilde;es para o Sala Mundo Curitiba 2011 podem ser feitas pelo site <a href=\"http:\/\/www.salamundo.com.br\">www.salamundo.com.br<\/a>. At&eacute; o dia 30 de junho, o custo &eacute; de R$ 490,00 para escolas conveniadas e parceiras do Grupo Positivo, associadas ao Sinepe-PR ou escolas e &oacute;rg&atilde;os p&uacute;blicos, ou R$ 980,00 para profissionais.<\/p>\n<p>&nbsp;<\/p>\n","protected":false},"excerpt":{"rendered":"<p>Os especialistas em educa\u00e7\u00e3o Martin Carnoy e Kazuhiro Yoshida ministram a palestra &#8220;A hist\u00f3ria da Educa\u00e7\u00e3o: Li\u00e7\u00f5es internacionais e os recentes avan\u00e7os do Brasil&#8221;, na Sala Mundo Curitiba 2011 &#8211; Encontro Internacional de Educa\u00e7\u00e3o, que acontece no Teatro Positivo, em Curitiba, de 17 a 18 de agosto.<\/p>\n","protected":false},"author":1,"featured_media":29185,"comment_status":"open","ping_status":"open","sticky":false,"template":"","format":"standard","meta":{"footnotes":""},"categories":[1],"tags":[62,4,6909,6910],"class_list":["post-29186","post","type-post","status-publish","format-standard","has-post-thumbnail","hentry","category-noticias-zeca-dirceu","tag-curitiba","tag-educacao","tag-especialistas","tag-internacionais"],"_links":{"self":[{"href":"https:\/\/teste.bsb.br\/zeca\/wp-json\/wp\/v2\/posts\/29186","targetHints":{"allow":["GET"]}}],"collection":[{"href":"https:\/\/teste.bsb.br\/zeca\/wp-json\/wp\/v2\/posts"}],"about":[{"href":"https:\/\/teste.bsb.br\/zeca\/wp-json\/wp\/v2\/types\/post"}],"author":[{"embeddable":true,"href":"https:\/\/teste.bsb.br\/zeca\/wp-json\/wp\/v2\/users\/1"}],"replies":[{"embeddable":true,"href":"https:\/\/teste.bsb.br\/zeca\/wp-json\/wp\/v2\/comments?post=29186"}],"version-history":[{"count":0,"href":"https:\/\/teste.bsb.br\/zeca\/wp-json\/wp\/v2\/posts\/29186\/revisions"}],"wp:featuredmedia":[{"embeddable":true,"href":"https:\/\/teste.bsb.br\/zeca\/wp-json\/wp\/v2\/media\/29185"}],"wp:attachment":[{"href":"https:\/\/teste.bsb.br\/zeca\/wp-json\/wp\/v2\/media?parent=29186"}],"wp:term":[{"taxonomy":"category","embeddable":true,"href":"https:\/\/teste.bsb.br\/zeca\/wp-json\/wp\/v2\/categories?post=29186"},{"taxonomy":"post_tag","embeddable":true,"href":"https:\/\/teste.bsb.br\/zeca\/wp-json\/wp\/v2\/tags?post=29186"}],"curies":[{"name":"wp","href":"https:\/\/api.w.org\/{rel}","templated":true}]}}