{"id":29182,"date":"2011-07-28T00:00:00","date_gmt":"2011-07-28T03:00:00","guid":{"rendered":"https:\/\/www.zecadirceu.com.br\/dilma-vai-recuperar-o-programa-cultura-viva\/"},"modified":"2011-07-28T00:00:00","modified_gmt":"2011-07-28T03:00:00","slug":"dilma-vai-recuperar-o-programa-cultura-viva","status":"publish","type":"post","link":"https:\/\/teste.bsb.br\/zeca\/dilma-vai-recuperar-o-programa-cultura-viva\/","title":{"rendered":"Dilma vai recuperar o programa \u201cCultura Viva\u201d"},"content":{"rendered":"<p>Em sua coluna semanal &ldquo;Conversa com a presidenta&rdquo;, Dilma exaltou o programa Cultura Viva e garantiu que ir&aacute; mant&ecirc;-lo, lembrando que esta &eacute; uma heran&ccedil;a muito importante do governo Lula. <\/p>\n<p>Minha experi&ecirc;ncia como chefe do executivo em Cruzeiro do Oeste me permitiu perceber o quanto investir em cultura contribui para o exerc&iacute;cio pleno da cidadania. Em agosto, ser&aacute; inaugurado um moderno Centro Cultural no munic&iacute;pio. Resultado da uni&atilde;o de muitos esfor&ccedil;os. <\/p>\n<p>O Cultura Viva tem como base os Pontos de Cultura, que s&atilde;o n&uacute;cleos de produ&ccedil;&atilde;o cultural independente, instalados nas periferias das grandes cidades e no interior do Brasil para a promo&ccedil;&atilde;o da diversidade cultural brasileira. <\/p>\n<p>\n<\/br>Esses n&uacute;cleos s&atilde;o mantidos pelas pr&oacute;prias comunidades e apoiados pelo governo federal. Os selecionados pelo Minist&eacute;rio da Cultura (MinC), por meio de editais p&uacute;blicos, recebem subven&ccedil;&otilde;es. O objetivo &eacute; estimular e fortalecer suas atividades, com a contrata&ccedil;&atilde;o de profissionais e aquisi&ccedil;&atilde;o de equipamentos. J&aacute; h&aacute; mais de 2.700 Pontos de Cultura em todo o pa&iacute;s, que envolvem milhares de pessoas em atividades de arte, cultura, educa&ccedil;&atilde;o, cidadania e economia solid&aacute;ria.<\/p>\n<p>Dos restos a pagar que ficaram para este ano mais de 30% deste valor j&aacute; foi pago at&eacute; junho, e o MinC est&aacute; trabalhando para que o restante seja pago at&eacute; o fim do ano.<\/p>\n<p><\/p>\n","protected":false},"excerpt":{"rendered":"<p>Em sua coluna semanal \u201cConversa com a presidenta\u201d, Dilma exaltou o programa Cultura Viva e garantiu que ir\u00e1 mant\u00ea-lo, lembrando que esta \u00e9 uma heran\u00e7a muito importante do governo Lula.<\/p>\n","protected":false},"author":1,"featured_media":29181,"comment_status":"open","ping_status":"open","sticky":false,"template":"","format":"standard","meta":{"footnotes":""},"categories":[1],"tags":[132,601,479],"class_list":["post-29182","post","type-post","status-publish","format-standard","has-post-thumbnail","hentry","category-noticias-zeca-dirceu","tag-cultura","tag-dilma","tag-programa"],"_links":{"self":[{"href":"https:\/\/teste.bsb.br\/zeca\/wp-json\/wp\/v2\/posts\/29182","targetHints":{"allow":["GET"]}}],"collection":[{"href":"https:\/\/teste.bsb.br\/zeca\/wp-json\/wp\/v2\/posts"}],"about":[{"href":"https:\/\/teste.bsb.br\/zeca\/wp-json\/wp\/v2\/types\/post"}],"author":[{"embeddable":true,"href":"https:\/\/teste.bsb.br\/zeca\/wp-json\/wp\/v2\/users\/1"}],"replies":[{"embeddable":true,"href":"https:\/\/teste.bsb.br\/zeca\/wp-json\/wp\/v2\/comments?post=29182"}],"version-history":[{"count":0,"href":"https:\/\/teste.bsb.br\/zeca\/wp-json\/wp\/v2\/posts\/29182\/revisions"}],"wp:featuredmedia":[{"embeddable":true,"href":"https:\/\/teste.bsb.br\/zeca\/wp-json\/wp\/v2\/media\/29181"}],"wp:attachment":[{"href":"https:\/\/teste.bsb.br\/zeca\/wp-json\/wp\/v2\/media?parent=29182"}],"wp:term":[{"taxonomy":"category","embeddable":true,"href":"https:\/\/teste.bsb.br\/zeca\/wp-json\/wp\/v2\/categories?post=29182"},{"taxonomy":"post_tag","embeddable":true,"href":"https:\/\/teste.bsb.br\/zeca\/wp-json\/wp\/v2\/tags?post=29182"}],"curies":[{"name":"wp","href":"https:\/\/api.w.org\/{rel}","templated":true}]}}