{"id":29162,"date":"2011-07-30T00:00:00","date_gmt":"2011-07-30T03:00:00","guid":{"rendered":"https:\/\/www.zecadirceu.com.br\/pt-quer-debater-curitiba-antes-de-lancar-nomes-para-as-eleicoesde-2012\/"},"modified":"2011-07-30T00:00:00","modified_gmt":"2011-07-30T03:00:00","slug":"pt-quer-debater-curitiba-antes-de-lancar-nomes-para-as-eleicoesde-2012","status":"publish","type":"post","link":"https:\/\/teste.bsb.br\/zeca\/pt-quer-debater-curitiba-antes-de-lancar-nomes-para-as-eleicoesde-2012\/","title":{"rendered":"PT quer debater Curitiba antes de lan\u00e7ar nomes para as elei\u00e7\u00f5esde 2012"},"content":{"rendered":"<p>Construindo Novo Brasil, campo majorit&aacute;riodo PT, defende que o momento &eacute; de unificar o partido, preparar um projeto para Curitiba, conversar com os demais partidos da base de sustenta&ccedil;&atilde;o do governo federal e, somente depois disso, discutir candidatura na capital do Paran&aacute;. A decis&atilde;o foi tomada em encontro na &uacute;ltima quinta-feira, 28.<\/p>\n<p>&ldquo;Estamos no prazo e temos esse tempo. Definir candidato somente l&aacute; por janeiro ou fevereiro. Agora, &eacute; necess&aacute;rio mobilizar. &Eacute; tempo de fazer pol&iacute;tica&rdquo;, disse o deputado federal Angelo Vanhoni, que defende ainda a elabora&ccedil;&atilde;o de um amplo diagn&oacute;stico sobre os problemas e alternativas para Curitiba e um projeto que, a exemplo das transforma&ccedil;&otilde;es promovidas pelos governos do PT de Lula e Dilma no pa&iacute;s, combine crescimento econ&ocirc;mico com inclus&atilde;o social.<\/p>\n<p>Do encontro, al&eacute;m de Vanhoni, participaram o presidente da Itaipu Binacional, Jorge Samek, os deputados estaduais Toninho Wandscheer e P&eacute;ricles de Melo, o ex-vereador Andr&eacute; Passos, o presidente da CUT\/PR, Roni Barbosa, e a presidenta do PT Curitiba, Roseli Isidoro.<\/p>\n","protected":false},"excerpt":{"rendered":"<p>Construindo Novo Brasil, campo majorit\u00e1riodo PT, defende que o momento \u00e9 de unificar o partido, preparar um projeto para Curitiba, conversar com os demais partidos da base de sustenta\u00e7\u00e3o do governo federal e, somente depois disso, discutir candidatura na capital do Paran\u00e1. A decis\u00e3o foi tomada em encontro na \u00faltima quinta-feira, 28.<\/p>\n<p>\u201cEstamos no prazo e temos esse tempo. Definir candidato somente l\u00e1 por janeiro ou fevereiro. Agora, \u00e9 necess\u00e1rio mobilizar. \u00c9 tempo de fazer pol\u00edtica\u201d, disse o deputado federal Angelo Vanhoni, que defende ainda a elabora\u00e7\u00e3o de um amplo diagn\u00f3stico sobre os problemas e alternativas para Curitiba e um projeto que, a exemplo das transforma\u00e7\u00f5es promovidas pelos governos do PT de Lula e Dilma no pa\u00eds, combine crescimento econ\u00f4mico com inclus\u00e3o social.<\/p>\n<p>Do encontro, al\u00e9m de Vanhoni, participaram o presidente da Itaipu Binacional, Jorge Samek, os deputados estaduais Toninho Wandscheer e P\u00e9ricles de Melo, o ex-vereador Andr\u00e9 Passos, o presidente da CUT\/PR, Roni Barbosa, o prefeito de Pinhais, Professor Luiz\u00e3o, e a presidenta do PT Curitiba, Roseli Isidoro.<\/p>\n","protected":false},"author":1,"featured_media":29161,"comment_status":"open","ping_status":"open","sticky":false,"template":"","format":"standard","meta":{"footnotes":""},"categories":[1],"tags":[62,117],"class_list":["post-29162","post","type-post","status-publish","format-standard","has-post-thumbnail","hentry","category-noticias-zeca-dirceu","tag-curitiba","tag-pt"],"_links":{"self":[{"href":"https:\/\/teste.bsb.br\/zeca\/wp-json\/wp\/v2\/posts\/29162","targetHints":{"allow":["GET"]}}],"collection":[{"href":"https:\/\/teste.bsb.br\/zeca\/wp-json\/wp\/v2\/posts"}],"about":[{"href":"https:\/\/teste.bsb.br\/zeca\/wp-json\/wp\/v2\/types\/post"}],"author":[{"embeddable":true,"href":"https:\/\/teste.bsb.br\/zeca\/wp-json\/wp\/v2\/users\/1"}],"replies":[{"embeddable":true,"href":"https:\/\/teste.bsb.br\/zeca\/wp-json\/wp\/v2\/comments?post=29162"}],"version-history":[{"count":0,"href":"https:\/\/teste.bsb.br\/zeca\/wp-json\/wp\/v2\/posts\/29162\/revisions"}],"wp:featuredmedia":[{"embeddable":true,"href":"https:\/\/teste.bsb.br\/zeca\/wp-json\/wp\/v2\/media\/29161"}],"wp:attachment":[{"href":"https:\/\/teste.bsb.br\/zeca\/wp-json\/wp\/v2\/media?parent=29162"}],"wp:term":[{"taxonomy":"category","embeddable":true,"href":"https:\/\/teste.bsb.br\/zeca\/wp-json\/wp\/v2\/categories?post=29162"},{"taxonomy":"post_tag","embeddable":true,"href":"https:\/\/teste.bsb.br\/zeca\/wp-json\/wp\/v2\/tags?post=29162"}],"curies":[{"name":"wp","href":"https:\/\/api.w.org\/{rel}","templated":true}]}}