{"id":29154,"date":"2011-07-30T00:00:00","date_gmt":"2011-07-30T03:00:00","guid":{"rendered":"https:\/\/www.zecadirceu.com.br\/participo-neste-momento-do-encontro-nacional-do-pt-cnb-em-sao-paulo\/"},"modified":"2011-07-30T00:00:00","modified_gmt":"2011-07-30T03:00:00","slug":"participo-neste-momento-do-encontro-nacional-do-pt-cnb-em-sao-paulo","status":"publish","type":"post","link":"https:\/\/teste.bsb.br\/zeca\/participo-neste-momento-do-encontro-nacional-do-pt-cnb-em-sao-paulo\/","title":{"rendered":"Participo, neste momento, do Encontro Nacional do PT\/CNB em S\u00e3o Paulo"},"content":{"rendered":"<p>Estou em S&atilde;o Paulo participando do encontro nacional do PT\/CNB. Agora, o presidente do PT, deputado Rui Falc&atilde;o, e o presidente da CUT, Artur Henrique, est&atilde;o debatendo a conjuntura pol&iacute;tica nacional. A tarde, &eacute; a vez do deputado Ricardo Berzoini e Gleber Naime conversarem sobre o quarto congresso extraordin&aacute;rio do PT.<\/p>\n<p>E amanh&atilde;, Jos&eacute; Dirceu&nbsp; e o ministro Gilberto Carvalho (Secretaria Geral da Presid&ecirc;ncia da Rep&uacute;blica) v&atilde;o falar sobre os desafios do PT para 2012. &Aacute; tarde vamos ter um relat&oacute;rio-s&iacute;ntese do encontro feito pelo presidente do PT do Par&aacute;, Jo&atilde;o Batista e pelo Paulo Ferreira.<\/p>\n","protected":false},"excerpt":{"rendered":"<p>Estou em S\u00e3o Paulo participando do encontro nacional do PT\/CNB. Agora, o presidente do PT, deputado Rui Falc\u00e3o, e o presidente da CUT, Artur Henrique, est\u00e3o debatendo a conjuntura pol\u00edtica nacional. A tarde, \u00e9 a vez do deputado Ricardo Berzoini e Gleber Naime conversarem sobre o quarto congresso extraordin\u00e1rio do PT.<\/p>\n<p>E amanh\u00e3, Jos\u00e9 Dirceu  e o ministro Gilberto Carvalho (Secretaria Geral da Presid\u00eancia da Rep\u00fablica) v\u00e3o falar sobre os desafios do PT para 2012. \u00c1 tarde vamos ter um relat\u00f3rio-s\u00edntese do encontro feito pelo presidente do PT do Par\u00e1, Jo\u00e3o Batista e pelo Paulo Ferreira.<\/p>\n","protected":false},"author":1,"featured_media":29153,"comment_status":"open","ping_status":"open","sticky":false,"template":"","format":"standard","meta":{"footnotes":""},"categories":[1],"tags":[6900],"class_list":["post-29154","post","type-post","status-publish","format-standard","has-post-thumbnail","hentry","category-noticias-zeca-dirceu","tag-encontro-do-pt-cnb"],"_links":{"self":[{"href":"https:\/\/teste.bsb.br\/zeca\/wp-json\/wp\/v2\/posts\/29154","targetHints":{"allow":["GET"]}}],"collection":[{"href":"https:\/\/teste.bsb.br\/zeca\/wp-json\/wp\/v2\/posts"}],"about":[{"href":"https:\/\/teste.bsb.br\/zeca\/wp-json\/wp\/v2\/types\/post"}],"author":[{"embeddable":true,"href":"https:\/\/teste.bsb.br\/zeca\/wp-json\/wp\/v2\/users\/1"}],"replies":[{"embeddable":true,"href":"https:\/\/teste.bsb.br\/zeca\/wp-json\/wp\/v2\/comments?post=29154"}],"version-history":[{"count":0,"href":"https:\/\/teste.bsb.br\/zeca\/wp-json\/wp\/v2\/posts\/29154\/revisions"}],"wp:featuredmedia":[{"embeddable":true,"href":"https:\/\/teste.bsb.br\/zeca\/wp-json\/wp\/v2\/media\/29153"}],"wp:attachment":[{"href":"https:\/\/teste.bsb.br\/zeca\/wp-json\/wp\/v2\/media?parent=29154"}],"wp:term":[{"taxonomy":"category","embeddable":true,"href":"https:\/\/teste.bsb.br\/zeca\/wp-json\/wp\/v2\/categories?post=29154"},{"taxonomy":"post_tag","embeddable":true,"href":"https:\/\/teste.bsb.br\/zeca\/wp-json\/wp\/v2\/tags?post=29154"}],"curies":[{"name":"wp","href":"https:\/\/api.w.org\/{rel}","templated":true}]}}