{"id":29152,"date":"2011-07-31T00:00:00","date_gmt":"2011-07-31T03:00:00","guid":{"rendered":"https:\/\/www.zecadirceu.com.br\/fatos-do-pac-que-a-midia-omite-por-ze-dirceu\/"},"modified":"2011-07-31T00:00:00","modified_gmt":"2011-07-31T03:00:00","slug":"fatos-do-pac-que-a-midia-omite-por-ze-dirceu","status":"publish","type":"post","link":"https:\/\/teste.bsb.br\/zeca\/fatos-do-pac-que-a-midia-omite-por-ze-dirceu\/","title":{"rendered":"Fatos do PAC que a m\u00eddia omite, por Z\u00e9 Dirceu"},"content":{"rendered":"<p>Editoriais clamam por cortes nos gastos p&uacute;blicos&#8230; Ler os jornais depois do balan&ccedil;o dos seis primeiros meses do Programa de Acelera&ccedil;&atilde;o do Crescimento (PAC) em sua segunda vers&atilde;o, tamb&eacute;m conhecida por PAC 2, &eacute; um exerc&iacute;cio interessante.<\/p>\n<p>A Folha de S&atilde;o Paulo, por exemplo, escolheu falar na diminui&ccedil;&atilde;o do ritmo dos investimentos. Na mat&eacute;ria &ldquo;Execu&ccedil;&atilde;o de obras do PAC cai 10% no governo Dilma&rdquo;, ressalta que uma suposta crise nos Transportes estaria prejudicando os projetos classificados como priorit&aacute;rios pelo governo. E cita o trem-bala, e o fracasso de seu leil&atilde;o.<\/p>\n<p>A tese da Folha &eacute; o PAC 2 perdeu f&ocirc;lego no governo Dilma Rousseff. A pr&oacute;pria mat&eacute;ria cita a ministra Miriam Belchior (Planejamento), que anunciou uma execu&ccedil;&atilde;o de R$ 86,4 bilh&otilde;es entre janeiro e junho. E informa que o n&uacute;mero seria 10,8% menor que os R$ 95,7 bilh&otilde;es registrados entre maio e outubro de 2010, &ldquo;ano eleitoral e, tradicionalmente, de gastos maiores&rdquo;.<\/p>\n<p><strong>Crise internacional e seus reflexos no Brasil<\/strong><\/p>\n<p>Esse &eacute; o mesmo jornal que, em seus editoriais pede insistentemente pelo controle, quando n&atilde;o, por cortes, dos gastos p&uacute;blicos. A mat&eacute;ria de hoje omite um fato, no m&iacute;nimo, importante, para a interpreta&ccedil;&atilde;o do cen&aacute;rio: a crise internacional e seus graves reflexos no Brasil, que pressionam a infla&ccedil;&atilde;o, os juros (leia mais neste blog) e o c&acirc;mbio. Em certo ponto, admite, pelas palavras da ministra Miriam Belchior (Planejamento) que &quot;&eacute; natural que, em in&iacute;cio de governo, haja um ritmo um pouco menor&quot;.<\/p>\n<p>No Estad&atilde;o, o destaque &eacute; outro. Para o jornal, a &ldquo;crise na &aacute;rea de transportes eclipsou os resultados apresentados ontem&rdquo;. A sua mat&eacute;ria prefere focar nas novas regras &ndash; mais r&iacute;gidas a partir de agora &ndash; nas licita&ccedil;&otilde;es do PAC. As condi&ccedil;&otilde;es para a contrata&ccedil;&atilde;o das empreiteiras daqui para frente estar&atilde;o feitas com base em projetos executivos da obra e n&atilde;o mais em projetos b&aacute;sicos. A medida &eacute; aplaudida por Paulo Godoy, presidente da Associa&ccedil;&atilde;o Brasileira de Infraestrutura e Ind&uacute;stria de Base, ainda que venha a atrasar em tr&ecirc;s ou quatro meses o cronograma, segundo c&aacute;lculos de Maur&iacute;cio Muniz, secret&aacute;rio do PAC.<\/p>\n<p>Globo d&aacute; espa&ccedil;o para as cr&iacute;ticas da oposi&ccedil;&atilde;o ao PAC, que usa termos como fracasso, incapacidade e incompet&ecirc;ncia para descrever os feitos do governo. Tamb&eacute;m cita o ministro Paulo Passos (Transportes) quando afirmou que a crise pol&iacute;tica no setor teve repercuss&atilde;o no ritmo das obras.<\/p>\n<p><strong>O que interessa &eacute; a obra f&iacute;sica<\/strong><\/p>\n<p>A imprensa, em seu balan&ccedil;o sobre o PAC, omite o que realmente interessa para os usu&aacute;rios das obras de log&iacute;stica e transportes. Como diz Jos&eacute; Augusto Valente, diretor da ag&ecirc;ncia T1, ao inv&eacute;s de olhar para a execu&ccedil;&atilde;o f&iacute;sica da obra, mira na execu&ccedil;&atilde;o financeira (leia em Nossos Convidados). H&aacute; um intervalo natural entre a conclus&atilde;o de uma parte ou de toda a obra e o seu pagamento, j&aacute; que ningu&eacute;m paga por servi&ccedil;o n&atilde;o executado. Na administra&ccedil;&atilde;o p&uacute;blica, devido &agrave; legisla&ccedil;&atilde;o existente no pa&iacute;s, uma obra (ou parte dela) fica pronta hoje e a empresa somente receber&aacute; daqui a dois meses.<\/p>\n<p>Na pr&aacute;tica, pouco se falou j&aacute; foram investidos R$ 86,4 bilh&otilde;es no primeiro semestre de 2011 e que, at&eacute; 2014, 74% do valor das obras ser&atilde;o conclu&iacute;das. Ou que a lei de licita&ccedil;&otilde;es exige s&oacute; o projeto b&aacute;sico para a contrata&ccedil;&atilde;o das empreiteiras. As novas regras, promulgadas pelo governo para evitar aditivos nos contratos nas obras rodovi&aacute;rias e ferrovi&aacute;rias, s&atilde;o resultante do zelo com que o governo quer conduzir o PAC.<\/p>\n<p>O PAC 2, relativo aos projetos previstos entre 2011 e 2014, compreende investimentos pr&oacute;ximos a um trilh&atilde;o de reais. Para ser mais preciso, R$ 955 bilh&otilde;es. O balan&ccedil;o do governo informa que at&eacute; 2014 ser&atilde;o investidos R$ 708 bilh&otilde;es, o que representa 74% do total previsto. O restante diz respeito a obras de maior dura&ccedil;&atilde;o, como a Usina Hidrel&eacute;trica de Belo Monte, o Complexo Petroqu&iacute;mico do Rio de Janeiro e a Ferrovia de Integra&ccedil;&atilde;o do Centro-Oeste.<\/p>\n<p><strong>Impactos diretos no PIB<\/strong><\/p>\n<p>J&aacute; disse aqui que os investimentos do&nbsp; PAC 1 tiveram um impacto importante no PIB brasileiro, que registrou aumentos de 5% e 7%, a partir de 2007. O que possibilitou entre janeiro de 2007 e junho de 2011, a gera&ccedil;&atilde;o de 8,9 milh&otilde;es empregos formais.<\/p>\n<p>Agora, com o PAC 2, o desenvolvimento da infraestrutura do pa&iacute;s segue com ritmo forte. Entre os diversos projetos, h&aacute; 17 obras de aeroportos em andamento, R$ 18 bilh&otilde;es investidos na mobilidade urbana de cidades com mais de 700 mil habitantes, R$ 5,2 bilh&otilde;es contratados para a preven&ccedil;&atilde;o de desastres naturais. Tamb&eacute;m, o programa Luz para Todos j&aacute; entregou 131 mil liga&ccedil;&otilde;es neste primeiro semestre, das 813 mil liga&ccedil;&otilde;es prometidas at&eacute; 2014.<\/p>\n<p><strong>(Blog Z&eacute; Dirceu)<br \/>\n<\/strong><\/p>\n","protected":false},"excerpt":{"rendered":"<p>Editoriais clamam por cortes nos gastos p\u00fablicos&#8230; Ler os jornais depois do balan\u00e7o dos seis primeiros meses do Programa de Acelera\u00e7\u00e3o do Crescimento (PAC) em sua segunda vers\u00e3o, tamb\u00e9m conhecida por PAC 2, \u00e9 um exerc\u00edcio interessante.<\/p>\n<p>A Folha de S\u00e3o Paulo, por exemplo, escolheu falar na diminui\u00e7\u00e3o do ritmo dos investimentos.<\/p>\n","protected":false},"author":1,"featured_media":29151,"comment_status":"open","ping_status":"open","sticky":false,"template":"","format":"standard","meta":{"footnotes":""},"categories":[1],"tags":[6899,776,196],"class_list":["post-29152","post","type-post","status-publish","format-standard","has-post-thumbnail","hentry","category-noticias-zeca-dirceu","tag-fatos","tag-midia","tag-pac"],"_links":{"self":[{"href":"https:\/\/teste.bsb.br\/zeca\/wp-json\/wp\/v2\/posts\/29152","targetHints":{"allow":["GET"]}}],"collection":[{"href":"https:\/\/teste.bsb.br\/zeca\/wp-json\/wp\/v2\/posts"}],"about":[{"href":"https:\/\/teste.bsb.br\/zeca\/wp-json\/wp\/v2\/types\/post"}],"author":[{"embeddable":true,"href":"https:\/\/teste.bsb.br\/zeca\/wp-json\/wp\/v2\/users\/1"}],"replies":[{"embeddable":true,"href":"https:\/\/teste.bsb.br\/zeca\/wp-json\/wp\/v2\/comments?post=29152"}],"version-history":[{"count":0,"href":"https:\/\/teste.bsb.br\/zeca\/wp-json\/wp\/v2\/posts\/29152\/revisions"}],"wp:featuredmedia":[{"embeddable":true,"href":"https:\/\/teste.bsb.br\/zeca\/wp-json\/wp\/v2\/media\/29151"}],"wp:attachment":[{"href":"https:\/\/teste.bsb.br\/zeca\/wp-json\/wp\/v2\/media?parent=29152"}],"wp:term":[{"taxonomy":"category","embeddable":true,"href":"https:\/\/teste.bsb.br\/zeca\/wp-json\/wp\/v2\/categories?post=29152"},{"taxonomy":"post_tag","embeddable":true,"href":"https:\/\/teste.bsb.br\/zeca\/wp-json\/wp\/v2\/tags?post=29152"}],"curies":[{"name":"wp","href":"https:\/\/api.w.org\/{rel}","templated":true}]}}