{"id":29138,"date":"2011-07-31T00:00:00","date_gmt":"2011-07-31T03:00:00","guid":{"rendered":"https:\/\/www.zecadirceu.com.br\/pac-2-atraves-do-mec-autoriza-87-creches-para-63-cidades-do-parana\/"},"modified":"2011-07-31T00:00:00","modified_gmt":"2011-07-31T03:00:00","slug":"pac-2-atraves-do-mec-autoriza-87-creches-para-63-cidades-do-parana","status":"publish","type":"post","link":"https:\/\/teste.bsb.br\/zeca\/pac-2-atraves-do-mec-autoriza-87-creches-para-63-cidades-do-parana\/","title":{"rendered":"PAC 2, atrav\u00e9s do MEC, autoriza 87 creches para 63 cidades do Paran\u00e1"},"content":{"rendered":"<p>Edson Bachiega, pelo twitter, agradece o empenho pela conquista de uma supercreche na cidade de Terra Roxa. &Eacute; mais uma obra do PAC 2, do Proinf&acirc;ncia do Minist&eacute;rio da Educa&ccedil;&atilde;o. Para Terra Roxa, foi liberado R$ 1,3 milh&atilde;o. Mas o Proinf&acirc;ncia selecionou 64 cidades do Paran&aacute; para receber as creches do PAC 2. Investimento que supera R$ 100 milh&otilde;es.<\/p>\n<p>At&eacute; 2010, o Proinf&acirc;ncia j&aacute; tinha conv&ecirc;nios assinados para a constru&ccedil;&atilde;o de 2.253 creches em todo o Brasil. Por meio do PAC2, ser&atilde;o outras 6 mil unidades at&eacute; 2014. Em 2011, j&aacute; foram selecionados 1.484 projetos de creches, com um investimento total de R$ 1,5 bilh&atilde;o. J&aacute; foram empenhados mais de R$ 875 milh&otilde;es em todas as obras selecionadas. Confira a seguir a lista das cidades atendidas no Paran&aacute;.<\/p>\n<p>Apucarana,Campina Grande, Campo Mour&atilde;o,&nbsp;Cascavel (7),&nbsp;Castro,&nbsp;Cerro Azul,&nbsp;Colombo,&nbsp;Foz do Igua&ccedil;u (4),&nbsp;Paranagu&aacute;,&nbsp;Pato Branco,&nbsp;Ponta Grossa (7), Quatro Barras,&nbsp;S&atilde;o Jos&eacute; dos Pinhais (7),&nbsp;Tel&ecirc;maco Borba,&nbsp;Toledo,&nbsp;Alt&ocirc;nia,&nbsp;Alto Para&iacute;so,&nbsp;Arapongas,&nbsp;Bocai&uacute;va do Sul,&nbsp;Bom Jesus do Sul,&nbsp;Campina da Lagoa, Carambe&iacute;,&nbsp;Centen&aacute;rio do Sul,&nbsp;Cerro Azul, C&eacute;u Azul, Diamante<br \/>\nD&#8217;Oeste,&nbsp;Diamante do Sul,&nbsp;Doutor Ulysses,&nbsp;Faxinal,&nbsp;Fazenda Rio Grande (3),&nbsp;General Carneiro,&nbsp;Iva&iacute;,&nbsp;Ivaipor&atilde;,&nbsp;Jandaia do Sul,&nbsp;Jardim Alegre. <\/p>\n<p>E mais: Joaquim T&aacute;vora,&nbsp;Loanda,&nbsp;Marialva,&nbsp;Marquinho,&nbsp;Matel&acirc;ndia,&nbsp;Matinhos,&nbsp;Missal,&nbsp;Moreira Sales,&nbsp;Ouro Verde do Oeste,&nbsp;Pai&ccedil;andu,&nbsp;Palotina,&nbsp;Pira&iacute; do Sul,&nbsp;Pontal do Paran&aacute;, Rebou&ccedil;as<br \/>\nRibeir&atilde;o Claro,&nbsp;Rio Bonito do Igua&ccedil;u,&nbsp;Roncador,&nbsp;Sab&aacute;udia,&nbsp;Salto do Lontra,&nbsp;Santa M&ocirc;nica,&nbsp;Santa Terezinha de Itaipu,&nbsp;Santo Ant&ocirc;nio da Platina,&nbsp;S&atilde;o Mateus do Sul (2),&nbsp;S&atilde;o Miguel do Igua&ccedil;u, S&atilde;o Pedro do Igua&ccedil;u, Terra Boa,&nbsp;Terra Roxa e&nbsp;Tijucas do Sul.<\/p>\n","protected":false},"excerpt":{"rendered":"<p>Edson Bachiega, pelo twitter, agradece o empenho pela conquista de uma supercreche na cidade de Terra Roxa. \u00c9 mais uma obra do PAC 2, do Proinf\u00e2ncia do Minist\u00e9rio da Educa\u00e7\u00e3o. Para Terra Roxa, foi liberado R$ 1,3 milh\u00e3o. Mas o Proinf\u00e2ncia selecionou 63 cidades do Paran\u00e1 para receber 87 creches do PAC 2. Investimento que supera R$ 113 milh\u00f5es.<\/p>\n<p>At\u00e9 2010, o Proinf\u00e2ncia j\u00e1 tinha conv\u00eanios assinados para a constru\u00e7\u00e3o de 2.253 creches em todo o Brasil. Por meio do PAC2, ser\u00e3o outras 6 mil unidades at\u00e9 2014. Em 2011, j\u00e1 foram selecionados 1.484 projetos de creches, com um investimento total de R$ 1,5 bilh\u00e3o. J\u00e1 foram empenhados mais de R$ 875 milh\u00f5es em todas as obras selecionadas. Confira a seguir a lista das cidades atendidas no Paran\u00e1.<\/p>\n","protected":false},"author":1,"featured_media":29137,"comment_status":"open","ping_status":"open","sticky":false,"template":"","format":"standard","meta":{"footnotes":""},"categories":[1],"tags":[434,1837,1359],"class_list":["post-29138","post","type-post","status-publish","format-standard","has-post-thumbnail","hentry","category-noticias-zeca-dirceu","tag-creches","tag-ministerio-da-educacao","tag-pac-2"],"_links":{"self":[{"href":"https:\/\/teste.bsb.br\/zeca\/wp-json\/wp\/v2\/posts\/29138","targetHints":{"allow":["GET"]}}],"collection":[{"href":"https:\/\/teste.bsb.br\/zeca\/wp-json\/wp\/v2\/posts"}],"about":[{"href":"https:\/\/teste.bsb.br\/zeca\/wp-json\/wp\/v2\/types\/post"}],"author":[{"embeddable":true,"href":"https:\/\/teste.bsb.br\/zeca\/wp-json\/wp\/v2\/users\/1"}],"replies":[{"embeddable":true,"href":"https:\/\/teste.bsb.br\/zeca\/wp-json\/wp\/v2\/comments?post=29138"}],"version-history":[{"count":0,"href":"https:\/\/teste.bsb.br\/zeca\/wp-json\/wp\/v2\/posts\/29138\/revisions"}],"wp:featuredmedia":[{"embeddable":true,"href":"https:\/\/teste.bsb.br\/zeca\/wp-json\/wp\/v2\/media\/29137"}],"wp:attachment":[{"href":"https:\/\/teste.bsb.br\/zeca\/wp-json\/wp\/v2\/media?parent=29138"}],"wp:term":[{"taxonomy":"category","embeddable":true,"href":"https:\/\/teste.bsb.br\/zeca\/wp-json\/wp\/v2\/categories?post=29138"},{"taxonomy":"post_tag","embeddable":true,"href":"https:\/\/teste.bsb.br\/zeca\/wp-json\/wp\/v2\/tags?post=29138"}],"curies":[{"name":"wp","href":"https:\/\/api.w.org\/{rel}","templated":true}]}}