{"id":29128,"date":"2011-07-31T00:00:00","date_gmt":"2011-07-31T03:00:00","guid":{"rendered":"https:\/\/www.zecadirceu.com.br\/lula-convida-internautas-para-visitar-o-instituto-da-cidadania\/"},"modified":"2011-07-31T00:00:00","modified_gmt":"2011-07-31T03:00:00","slug":"lula-convida-internautas-para-visitar-o-instituto-da-cidadania","status":"publish","type":"post","link":"https:\/\/teste.bsb.br\/zeca\/lula-convida-internautas-para-visitar-o-instituto-da-cidadania\/","title":{"rendered":"Lula convida internautas para visitar o Instituto da Cidadania"},"content":{"rendered":"<p>Neste v&iacute;deo, o presidente Lula convida os internautas a participar do <a href=\"http:\/\/www.icidadania.org\">www.icidadania.org<\/a> &#8211; o Instituto da Cidadania. Lula nota as compara&ccedil;&otilde;es que a imprensa j&aacute; fez entre ele e a presidenta Dilma. &quot;A presidenta Dilma faz parte de um projeto que milh&otilde;es e milh&otilde;es de brasileiros fazem parte, do qual eu fa&ccedil;o parte&quot;, diz.<\/p>\n<p>&quot;Eu ainda tenho muita coisa, mas muita coisa para fazer pelo nosso pa&iacute;s&quot;. Lula adiantou que entre os objetivos do Instituto da Cidadania ser&aacute; levar as experi&ecirc;ncias das pol&iacute;ticas sociais bem sucedidas no Brasil para os pa&iacute;ses da Am&eacute;rica Latina e &Aacute;frica. Confira e assista ao v&iacute;deo.<\/p>\n","protected":false},"excerpt":{"rendered":"<p>Neste v\u00eddeo, o presidente Lula convida os internautas a participar do www.icidadania.org &#8211; o Instituto da Cidadania. Lula nota as compara\u00e7\u00f5es que a imprensa j\u00e1 fez entre ele e a presidenta Dilma. &#8220;A presidenta Dilma faz parte de um projeto que milh\u00f5es e milh\u00f5es de brasileiros fazem parte, do qual eu fa\u00e7o parte&#8221;, diz.<\/p>\n<p>&#8220;Eu ainda tenho muita coisa, mas muita coisa para fazer pelo nosso pa\u00eds&#8221;. Lula adiantou que entre os objetivos do Instituto da Cidadania ser\u00e1 levar as experi\u00eancias das pol\u00edticas sociais bem sucedidas no Brasil para os pa\u00edses da Am\u00e9rica Latina e \u00c1frica. Confira e assista ao v\u00eddeo.<\/p>\n","protected":false},"author":1,"featured_media":29127,"comment_status":"open","ping_status":"open","sticky":false,"template":"","format":"standard","meta":{"footnotes":""},"categories":[1],"tags":[6892,170],"class_list":["post-29128","post","type-post","status-publish","format-standard","has-post-thumbnail","hentry","category-noticias-zeca-dirceu","tag-instituto-da-cidadania","tag-lula"],"_links":{"self":[{"href":"https:\/\/teste.bsb.br\/zeca\/wp-json\/wp\/v2\/posts\/29128","targetHints":{"allow":["GET"]}}],"collection":[{"href":"https:\/\/teste.bsb.br\/zeca\/wp-json\/wp\/v2\/posts"}],"about":[{"href":"https:\/\/teste.bsb.br\/zeca\/wp-json\/wp\/v2\/types\/post"}],"author":[{"embeddable":true,"href":"https:\/\/teste.bsb.br\/zeca\/wp-json\/wp\/v2\/users\/1"}],"replies":[{"embeddable":true,"href":"https:\/\/teste.bsb.br\/zeca\/wp-json\/wp\/v2\/comments?post=29128"}],"version-history":[{"count":0,"href":"https:\/\/teste.bsb.br\/zeca\/wp-json\/wp\/v2\/posts\/29128\/revisions"}],"wp:featuredmedia":[{"embeddable":true,"href":"https:\/\/teste.bsb.br\/zeca\/wp-json\/wp\/v2\/media\/29127"}],"wp:attachment":[{"href":"https:\/\/teste.bsb.br\/zeca\/wp-json\/wp\/v2\/media?parent=29128"}],"wp:term":[{"taxonomy":"category","embeddable":true,"href":"https:\/\/teste.bsb.br\/zeca\/wp-json\/wp\/v2\/categories?post=29128"},{"taxonomy":"post_tag","embeddable":true,"href":"https:\/\/teste.bsb.br\/zeca\/wp-json\/wp\/v2\/tags?post=29128"}],"curies":[{"name":"wp","href":"https:\/\/api.w.org\/{rel}","templated":true}]}}