{"id":29110,"date":"2011-08-02T00:00:00","date_gmt":"2011-08-02T03:00:00","guid":{"rendered":"https:\/\/www.zecadirceu.com.br\/todo-o-meu-apoio-a-campanha-de-aleitamento-materno-do-ministerio-da-saude\/"},"modified":"2011-08-02T00:00:00","modified_gmt":"2011-08-02T03:00:00","slug":"todo-o-meu-apoio-a-campanha-de-aleitamento-materno-do-ministerio-da-saude","status":"publish","type":"post","link":"https:\/\/teste.bsb.br\/zeca\/todo-o-meu-apoio-a-campanha-de-aleitamento-materno-do-ministerio-da-saude\/","title":{"rendered":"Todo o meu apoio \u00e0 campanha de aleitamento materno do Minist\u00e9rio da Sa\u00fade"},"content":{"rendered":"<p>Come&ccedil;ou nesta segunda-feira (1&ordm;) a Semana Mundial da Amamenta&ccedil;&atilde;o (SMAM). Durante as atividades da SMAM, que segue at&eacute; o dia 7, o Minist&eacute;rio da Sa&uacute;de e a Sociedade Brasileira de Pediatria (SBP) v&atilde;o incentivar o apoio de todos para garantir &agrave;s m&atilde;es condi&ccedil;&otilde;es de amamentar os filhos at&eacute; os dois anos de idade, seguindo recomenda&ccedil;&atilde;o da Organiza&ccedil;&atilde;o Mundial de Sa&uacute;de (OMS).<\/p>\n<p>Apesar do tempo m&eacute;dio do per&iacute;odo de aleitamento materno no Pa&iacute;s ter aumentado um m&ecirc;s e meio, de 1999 a 2008, o Brasil ainda est&aacute; em um patamar baixo. A OMS considera como ideal que pelo menos 80% das crian&ccedil;as menores de seis meses tenham no aleitamento materno um alimento exclusivo. No Brasil, esse &iacute;ndice &eacute; de 41%. <\/p>\n<p>Na campanha deste ano, o minist&eacute;rio e a SBP querem conscientizar a sociedade de que, apesar do aleitamento materno ser um ato natural, precisa de apoio de todos. &ldquo;&Eacute; de fundamental import&acirc;ncia que todos os segmentos da sociedade, m&iacute;dia, formadores de opini&atilde;o, familiares e empregadores ajudem &agrave;s m&atilde;es na supera&ccedil;&atilde;o dos obst&aacute;culos que, muitas vezes, as impedem de continuar amamentando seus filhos&rdquo;, afirma o ministro da Sa&uacute;de, Alexandre Padilha. <\/p>\n<p>Semana &#8211; A SMAM foi idealizada pela Alian&ccedil;a Mundial para A&ccedil;&atilde;o em Aleitamento Materno (Waba) e tem sido comemorada em 150 pa&iacute;ses com o prop&oacute;sito de promover, proteger e apoiar o aleitamento materno. <\/p>\n<p>Na abertura da SMAM, foi lan&ccedil;ado o Guia dos Direitos da Gestante, uma publica&ccedil;&atilde;o conjunta entre o Minist&eacute;rio da Sa&uacute;de e a Unicef (Programa das Na&ccedil;&otilde;es Unidas para a Inf&acirc;ncia). O guia ser&aacute; uma esp&eacute;cie de instrumento para a capacita&ccedil;&atilde;o de agentes que ter&atilde;o como fun&ccedil;&atilde;o transmitir informa&ccedil;&otilde;es &agrave;s comunidades sobre os direitos das m&atilde;es &agrave; amamenta&ccedil;&atilde;o.<br \/>\n<strong><br \/>\nA&ccedil;&otilde;es de incentivo ao aleitamento materno<\/strong><br \/>\nRede Cegonha &#8211; Em 28 de mar&ccedil;o deste ano, o governo federal lan&ccedil;ou a Rede Cegonha. &Eacute; um conjunto de medidas para garantir a todas as brasileiras, pelo Sistema &Uacute;nico de Sa&uacute;de (SUS), atendimento adequado, seguro e humanizado desde a confirma&ccedil;&atilde;o da gravidez, passando pelo pr&eacute;-natal e o parto, at&eacute; os dois primeiros anos de vida do beb&ecirc;. A rede tem entre suas principais a&ccedil;&otilde;es o apoio ao aleitamento materno.<\/p>\n<p>Rede Amamenta Brasil &#8211; Estrat&eacute;gia do Minist&eacute;rio da Sa&uacute;de de promo&ccedil;&atilde;o, prote&ccedil;&atilde;o e apoio &agrave; pr&aacute;tica do aleitamento materno na Aten&ccedil;&atilde;o B&aacute;sica, por meio de revis&atilde;o e supervis&atilde;o do processo de trabalho interdisciplinar nas unidades b&aacute;sicas de sa&uacute;de. Est&aacute; presente em mais de mil Unidades B&aacute;sicas de Sa&uacute;de do Pa&iacute;s.<\/p>\n<p>Apoio &agrave; Mulher Trabalhadora que Amamenta &#8211; Nesta a&ccedil;&atilde;o, o Minist&eacute;rio da Sa&uacute;de capacita profissionais para sensibilizar gestores e empregadores a adotarem uma s&eacute;rie de medidas de apoio &agrave; amamenta&ccedil;&atilde;o da mulher trabalhadora. Entre as medidas, destacam-se a ades&atilde;o &agrave; licen&ccedil;a maternidade de seis meses, a implementa&ccedil;&atilde;o de salas de apoio &agrave; amamenta&ccedil;&atilde;o nas empresas, o respeito &agrave;s leis que protegem este ato, entre outras.<\/p>\n<p>Hospital Amigo da Crian&ccedil;a &#8211; Com o apoio das secretarias estaduais e municipais de Sa&uacute;de, capacita profissionais, realizando as avalia&ccedil;&otilde;es e estimulando a rede hospitalar para o credenciamento. Em parceria com a Unicef, j&aacute; conta com 337 hospitais credenciados em todos os estados brasileiros. Ao ser reconhecido com o t&iacute;tulo, estes estabelecimentos se tornam refer&ecirc;ncia em amamenta&ccedil;&atilde;o.<\/p>\n","protected":false},"excerpt":{"rendered":"<p>Come\u00e7ou nesta segunda-feira (1\u00ba) a Semana Mundial da Amamenta\u00e7\u00e3o (SMAM). Durante as atividades da SMAM, que segue at\u00e9 o dia 7, o Minist\u00e9rio da Sa\u00fade e a Sociedade Brasileira de Pediatria (SBP) v\u00e3o incentivar o apoio de todos para garantir \u00e0s m\u00e3es condi\u00e7\u00f5es de amamentar os filhos at\u00e9 os dois anos de idade, seguindo recomenda\u00e7\u00e3o da Organiza\u00e7\u00e3o Mundial de Sa\u00fade (OMS).<\/p>\n","protected":false},"author":1,"featured_media":29109,"comment_status":"open","ping_status":"open","sticky":false,"template":"","format":"standard","meta":{"footnotes":""},"categories":[1],"tags":[6885,489,6],"class_list":["post-29110","post","type-post","status-publish","format-standard","has-post-thumbnail","hentry","category-noticias-zeca-dirceu","tag-aleitamento","tag-campanha","tag-saude"],"_links":{"self":[{"href":"https:\/\/teste.bsb.br\/zeca\/wp-json\/wp\/v2\/posts\/29110","targetHints":{"allow":["GET"]}}],"collection":[{"href":"https:\/\/teste.bsb.br\/zeca\/wp-json\/wp\/v2\/posts"}],"about":[{"href":"https:\/\/teste.bsb.br\/zeca\/wp-json\/wp\/v2\/types\/post"}],"author":[{"embeddable":true,"href":"https:\/\/teste.bsb.br\/zeca\/wp-json\/wp\/v2\/users\/1"}],"replies":[{"embeddable":true,"href":"https:\/\/teste.bsb.br\/zeca\/wp-json\/wp\/v2\/comments?post=29110"}],"version-history":[{"count":0,"href":"https:\/\/teste.bsb.br\/zeca\/wp-json\/wp\/v2\/posts\/29110\/revisions"}],"wp:featuredmedia":[{"embeddable":true,"href":"https:\/\/teste.bsb.br\/zeca\/wp-json\/wp\/v2\/media\/29109"}],"wp:attachment":[{"href":"https:\/\/teste.bsb.br\/zeca\/wp-json\/wp\/v2\/media?parent=29110"}],"wp:term":[{"taxonomy":"category","embeddable":true,"href":"https:\/\/teste.bsb.br\/zeca\/wp-json\/wp\/v2\/categories?post=29110"},{"taxonomy":"post_tag","embeddable":true,"href":"https:\/\/teste.bsb.br\/zeca\/wp-json\/wp\/v2\/tags?post=29110"}],"curies":[{"name":"wp","href":"https:\/\/api.w.org\/{rel}","templated":true}]}}