{"id":29106,"date":"2011-08-02T00:00:00","date_gmt":"2011-08-02T03:00:00","guid":{"rendered":"https:\/\/www.zecadirceu.com.br\/cargill-anuncia-investimentos-de-r-350-milhoes-no-parana\/"},"modified":"2011-08-02T00:00:00","modified_gmt":"2011-08-02T03:00:00","slug":"cargill-anuncia-investimentos-de-r-350-milhoes-no-parana","status":"publish","type":"post","link":"https:\/\/teste.bsb.br\/zeca\/cargill-anuncia-investimentos-de-r-350-milhoes-no-parana\/","title":{"rendered":"Cargill anuncia investimentos de R$ 350 milh\u00f5es no Paran\u00e1"},"content":{"rendered":"<p>O presidente da Cargill, Marcelo Martins, e o prefeito Moacir Fadel assinam nesta sexta-feira, 5, um protocolo de inten&ccedil;&otilde;es para a instala&ccedil;&atilde;o de uma f&aacute;brica da multinacional em Castro, na regi&atilde;o central do Paran&aacute;. A Cargill vai investir R$ 350 milh&otilde;es na unidade, que ser&aacute; dedicada ao processamento de milho para produ&ccedil;&atilde;o de solu&ccedil;&otilde;es em amidos e ado&ccedil;antes.<\/p>\n<p>A planta vai gerar 200 empregos diretos e inicia as opera&ccedil;&otilde;es em 2013. A nova f&aacute;brica vai aumentar em 30% a capacidade de moagem de milho da empresa para a Am&eacute;rica do Sul.<\/p>\n<p>&nbsp;<\/p>\n","protected":false},"excerpt":{"rendered":"<p>O presidente da Cargill, Marcelo Martins, e o prefeito Moacir Fadel assinam nesta sexta-feira, 5, um protocolo de inten\u00e7\u00f5es para a instala\u00e7\u00e3o de uma f\u00e1brica da multinacional em Castro, na regi\u00e3o central do Paran\u00e1. A Cargill vai investir R$ 350 milh\u00f5es na unidade, que ser\u00e1 dedicada ao processamento de milho para produ\u00e7\u00e3o de solu\u00e7\u00f5es em amidos e ado\u00e7antes. <\/p>\n<p>A planta vai gerar 200 empregos diretos e inicia as opera\u00e7\u00f5es em 2013. A nova f\u00e1brica vai aumentar em 30% a capacidade de moagem de milho da empresa para a Am\u00e9rica do Sul.<\/p>\n","protected":false},"author":1,"featured_media":29105,"comment_status":"open","ping_status":"open","sticky":false,"template":"","format":"standard","meta":{"footnotes":""},"categories":[1],"tags":[6884,272,86],"class_list":["post-29106","post","type-post","status-publish","format-standard","has-post-thumbnail","hentry","category-noticias-zeca-dirceu","tag-cargil","tag-investimentos","tag-parana"],"_links":{"self":[{"href":"https:\/\/teste.bsb.br\/zeca\/wp-json\/wp\/v2\/posts\/29106","targetHints":{"allow":["GET"]}}],"collection":[{"href":"https:\/\/teste.bsb.br\/zeca\/wp-json\/wp\/v2\/posts"}],"about":[{"href":"https:\/\/teste.bsb.br\/zeca\/wp-json\/wp\/v2\/types\/post"}],"author":[{"embeddable":true,"href":"https:\/\/teste.bsb.br\/zeca\/wp-json\/wp\/v2\/users\/1"}],"replies":[{"embeddable":true,"href":"https:\/\/teste.bsb.br\/zeca\/wp-json\/wp\/v2\/comments?post=29106"}],"version-history":[{"count":0,"href":"https:\/\/teste.bsb.br\/zeca\/wp-json\/wp\/v2\/posts\/29106\/revisions"}],"wp:featuredmedia":[{"embeddable":true,"href":"https:\/\/teste.bsb.br\/zeca\/wp-json\/wp\/v2\/media\/29105"}],"wp:attachment":[{"href":"https:\/\/teste.bsb.br\/zeca\/wp-json\/wp\/v2\/media?parent=29106"}],"wp:term":[{"taxonomy":"category","embeddable":true,"href":"https:\/\/teste.bsb.br\/zeca\/wp-json\/wp\/v2\/categories?post=29106"},{"taxonomy":"post_tag","embeddable":true,"href":"https:\/\/teste.bsb.br\/zeca\/wp-json\/wp\/v2\/tags?post=29106"}],"curies":[{"name":"wp","href":"https:\/\/api.w.org\/{rel}","templated":true}]}}