{"id":29102,"date":"2011-08-02T00:00:00","date_gmt":"2011-08-02T03:00:00","guid":{"rendered":"https:\/\/www.zecadirceu.com.br\/medidas-sao-primeiro-passo-em-direcao-a-aumentar-a-competitividade-do-brasil-diz-dilma\/"},"modified":"2011-08-02T00:00:00","modified_gmt":"2011-08-02T03:00:00","slug":"medidas-sao-primeiro-passo-em-direcao-a-aumentar-a-competitividade-do-brasil-diz-dilma","status":"publish","type":"post","link":"https:\/\/teste.bsb.br\/zeca\/medidas-sao-primeiro-passo-em-direcao-a-aumentar-a-competitividade-do-brasil-diz-dilma\/","title":{"rendered":"Medidas s\u00e3o primeiro passo em dire\u00e7\u00e3o a aumentar a competitividade do Brasil, diz Dilma"},"content":{"rendered":"<p>Logo ap&oacute;s o lan&ccedil;amento do Plano Brasil Maior, nesta ter&ccedil;a-feira, 2, no Pal&aacute;cio do Planalto, a presidenta Dilma Rousseff concedeu uma r&aacute;pida entrevista aos jornalistas. Entre outros temas, ela falou sobre a estrat&eacute;gia brasileira para o enfrentamento &agrave; crise econ&ocirc;mica internacional e sobre a import&acirc;ncia do Brasil Maior. Assista ao v&iacute;deo com os trechos da entrevista.<\/p>\n","protected":false},"excerpt":{"rendered":"<p>Logo ap\u00f3s o lan\u00e7amento do Plano Brasil Maior, nesta ter\u00e7a-feira, 2, no Pal\u00e1cio do Planalto, a presidenta Dilma Rousseff concedeu uma r\u00e1pida entrevista aos jornalistas. Entre outros temas, ela falou sobre a estrat\u00e9gia brasileira para o enfrentamento \u00e0 crise econ\u00f4mica internacional e sobre a import\u00e2ncia do Brasil Maior. Assista ao v\u00eddeo com os trechos da entrevista.<\/p>\n","protected":false},"author":1,"featured_media":29101,"comment_status":"open","ping_status":"open","sticky":false,"template":"","format":"standard","meta":{"footnotes":""},"categories":[1],"tags":[601],"class_list":["post-29102","post","type-post","status-publish","format-standard","has-post-thumbnail","hentry","category-noticias-zeca-dirceu","tag-dilma"],"_links":{"self":[{"href":"https:\/\/teste.bsb.br\/zeca\/wp-json\/wp\/v2\/posts\/29102","targetHints":{"allow":["GET"]}}],"collection":[{"href":"https:\/\/teste.bsb.br\/zeca\/wp-json\/wp\/v2\/posts"}],"about":[{"href":"https:\/\/teste.bsb.br\/zeca\/wp-json\/wp\/v2\/types\/post"}],"author":[{"embeddable":true,"href":"https:\/\/teste.bsb.br\/zeca\/wp-json\/wp\/v2\/users\/1"}],"replies":[{"embeddable":true,"href":"https:\/\/teste.bsb.br\/zeca\/wp-json\/wp\/v2\/comments?post=29102"}],"version-history":[{"count":0,"href":"https:\/\/teste.bsb.br\/zeca\/wp-json\/wp\/v2\/posts\/29102\/revisions"}],"wp:featuredmedia":[{"embeddable":true,"href":"https:\/\/teste.bsb.br\/zeca\/wp-json\/wp\/v2\/media\/29101"}],"wp:attachment":[{"href":"https:\/\/teste.bsb.br\/zeca\/wp-json\/wp\/v2\/media?parent=29102"}],"wp:term":[{"taxonomy":"category","embeddable":true,"href":"https:\/\/teste.bsb.br\/zeca\/wp-json\/wp\/v2\/categories?post=29102"},{"taxonomy":"post_tag","embeddable":true,"href":"https:\/\/teste.bsb.br\/zeca\/wp-json\/wp\/v2\/tags?post=29102"}],"curies":[{"name":"wp","href":"https:\/\/api.w.org\/{rel}","templated":true}]}}