{"id":29076,"date":"2011-08-03T00:00:00","date_gmt":"2011-08-03T03:00:00","guid":{"rendered":"https:\/\/www.zecadirceu.com.br\/juventude-do-pt-realiza-reuniao-do-conselho-politico-neste-domingo-7-em-curitiba\/"},"modified":"2011-08-03T00:00:00","modified_gmt":"2011-08-03T03:00:00","slug":"juventude-do-pt-realiza-reuniao-do-conselho-politico-neste-domingo-7-em-curitiba","status":"publish","type":"post","link":"https:\/\/teste.bsb.br\/zeca\/juventude-do-pt-realiza-reuniao-do-conselho-politico-neste-domingo-7-em-curitiba\/","title":{"rendered":"Juventude do PT realiza reuni\u00e3o do Conselho Pol\u00edtico neste domingo, 7, em Curitiba"},"content":{"rendered":"<p>Encerrando os ciclos de encontros que foram realizados pela secretaria estadual de juventude durante o primeiro semestre, a JPT reunir&aacute; o seu conselho pol&iacute;tico para organizar as pr&oacute;ximas atividades deste ano. Al&eacute;m das confer&ecirc;ncias de juventude, est&aacute; na pauta a realiza&ccedil;&atilde;o dos congressos municipais da JPT.<br \/>\n&nbsp;<br \/>\nA meta &eacute; a realiza&ccedil;&atilde;o de congressos em mais de cem cidades do Estado, visando organizar as secretarias de juventude&nbsp; e preparando um congresso estadual para entrar na hist&oacute;ria do PT do Paran&aacute;. Para isso, a reuni&atilde;o servir&aacute; para definir uma estrat&eacute;gia para a realiza&ccedil;&atilde;o dos mesmos, bem como uma explana&ccedil;&atilde;o sobre o regimento e um treinamento com o SISJUV, sistema de gerenciamento da Juventude do Partido dos Trabalhadores.<br \/>\n&nbsp;<br \/>\nA reuni&atilde;o do conselho pol&iacute;tico ocorrer&aacute; no pr&oacute;ximo domingo (7), &agrave;s 14 horas na sede do Diret&oacute;rio Estadual do PT-PR, localizada na Alameda Princesa Izabel, n&ordm; 160, bairro S&atilde;o Francisco, em Curitiba. Para maiores informa&ccedil;&otilde;es sobre como participar, entrar em contato com a secret&aacute;ria estadual de juventude, Amanda Lemes, pelo telefone (44) 9154-1294.<br \/>\n&nbsp;<\/p>\n","protected":false},"excerpt":{"rendered":"<p>Encerrando os ciclos de encontros que foram realizados pela secretaria estadual de juventude durante o primeiro semestre, a JPT reunir\u00e1 o seu conselho pol\u00edtico para organizar as pr\u00f3ximas atividades deste ano. Al\u00e9m das confer\u00eancias de juventude, est\u00e1 na pauta a realiza\u00e7\u00e3o dos congressos municipais da JPT.<\/p>\n<p>A meta \u00e9 a realiza\u00e7\u00e3o de congressos em mais de 100 cidades do Estado, visando organizar as secretarias de juventude  e preparando um congresso estadual para entrar na hist\u00f3ria do PT do Paran\u00e1. A reuni\u00e3o ser\u00e1 no pr\u00f3ximo domingo (7), \u00e0s 14 horas na sede do Diret\u00f3rio Estadual do PT em Curitiba. Mais informa\u00e7\u00f5es com Amanda Lemes pelo telefone (44) 9154-1294.<\/p>\n","protected":false},"author":1,"featured_media":29075,"comment_status":"open","ping_status":"open","sticky":false,"template":"","format":"standard","meta":{"footnotes":""},"categories":[1],"tags":[6864],"class_list":["post-29076","post","type-post","status-publish","format-standard","has-post-thumbnail","hentry","category-noticias-zeca-dirceu","tag-juventude-do-pt"],"_links":{"self":[{"href":"https:\/\/teste.bsb.br\/zeca\/wp-json\/wp\/v2\/posts\/29076","targetHints":{"allow":["GET"]}}],"collection":[{"href":"https:\/\/teste.bsb.br\/zeca\/wp-json\/wp\/v2\/posts"}],"about":[{"href":"https:\/\/teste.bsb.br\/zeca\/wp-json\/wp\/v2\/types\/post"}],"author":[{"embeddable":true,"href":"https:\/\/teste.bsb.br\/zeca\/wp-json\/wp\/v2\/users\/1"}],"replies":[{"embeddable":true,"href":"https:\/\/teste.bsb.br\/zeca\/wp-json\/wp\/v2\/comments?post=29076"}],"version-history":[{"count":0,"href":"https:\/\/teste.bsb.br\/zeca\/wp-json\/wp\/v2\/posts\/29076\/revisions"}],"wp:featuredmedia":[{"embeddable":true,"href":"https:\/\/teste.bsb.br\/zeca\/wp-json\/wp\/v2\/media\/29075"}],"wp:attachment":[{"href":"https:\/\/teste.bsb.br\/zeca\/wp-json\/wp\/v2\/media?parent=29076"}],"wp:term":[{"taxonomy":"category","embeddable":true,"href":"https:\/\/teste.bsb.br\/zeca\/wp-json\/wp\/v2\/categories?post=29076"},{"taxonomy":"post_tag","embeddable":true,"href":"https:\/\/teste.bsb.br\/zeca\/wp-json\/wp\/v2\/tags?post=29076"}],"curies":[{"name":"wp","href":"https:\/\/api.w.org\/{rel}","templated":true}]}}