{"id":29048,"date":"2011-08-05T00:00:00","date_gmt":"2011-08-05T03:00:00","guid":{"rendered":"https:\/\/www.zecadirceu.com.br\/ministro-da-educacao-estara-no-parana-nos-dias-17-e-18\/"},"modified":"2011-08-05T00:00:00","modified_gmt":"2011-08-05T03:00:00","slug":"ministro-da-educacao-estara-no-parana-nos-dias-17-e-18","status":"publish","type":"post","link":"https:\/\/teste.bsb.br\/zeca\/ministro-da-educacao-estara-no-parana-nos-dias-17-e-18\/","title":{"rendered":"Ministro da Educa\u00e7\u00e3o estar\u00e1 no Paran\u00e1 nos dias 17 e 18"},"content":{"rendered":"<div>Curitiba foi escolhida como sede do Sala Mundo, encontro internacional da educa&ccedil;&atilde;o que ter&aacute; seis palestras, com especialistas do Brasil e do exterior, nos pr&oacute;ximos 17 e 18 de agosto, no Teatro Positivo. A abertura ser&aacute; com o Ministro da Educa&ccedil;&atilde;o, Fernando Haddad. O prefeito de Curitiba, Luciano Ducci, tamb&eacute;m participar&aacute;.<\/div>\n<div>&nbsp;<\/div>\n<div>O Sala Mundo &eacute; realizado pelo Grupo Positivo, com apoio da Prefeitura. Curitiba abrigar&aacute; o encontro por ser refer&ecirc;ncia no ensino p&uacute;blico e privado e pelos altos &iacute;ndices de desenvolvimento alcan&ccedil;ados pela cidade, como o melhor &Iacute;ndice de Desenvolvimento da Educa&ccedil;&atilde;o B&aacute;sica (Ideb) entre as capitais por tr&ecirc;s vezes consecutivas, o selo de cidade livre do analfabetismo (alfabetiza&ccedil;&atilde;o superior a 96%), Melhor &iacute;ndice de Desenvolvimento Municipal (Firjan 2010).<\/div>\n<div>&nbsp;<\/div>\n<div><strong>Convidados<\/strong> &#8211; os participantes do Sala Mundo 2011 v&atilde;o conhecer experi&ecirc;ncias relevantes e debater a educa&ccedil;&atilde;o com personalidades de diversos pa&iacute;ses.<\/div>\n<div>&nbsp;<\/div>\n<div>Os palestrantes do primeiro dia ser&atilde;o Martin Carnoy, doutor em Economia, pesquisador e professor na Universidade de Stanford; e Kazuhiro Yoshida, professor e pesquisador da Universidade de Hiroshima, no Jap&atilde;o. Eles falar&atilde;o sobre experi&ecirc;ncias internacionais e os avan&ccedil;os do Brasil na educa&ccedil;&atilde;o.<\/div>\n<div>&nbsp;<\/div>\n<div>Tamb&eacute;m est&atilde;o na lista de palestrantes Jos&eacute; Francisco Soares, da Universidade Federal de Minas Gerais; e Pedro Ravela, do Instituto de Avalia&ccedil;&atilde;o Educacional da Universidade Cat&oacute;lica no Uruguai, &nbsp;que v&atilde;o tratar de Avalia&ccedil;&atilde;o Educacional.<\/div>\n<div>&nbsp;<\/div>\n<div>O tema Tecnologia Educacional ficar&aacute; com o brasileiro Paulo Blikstein, pesquisador com foco na conflu&ecirc;ncia das tecnologias com os processos de aprendizagem; e Francesc Pedr&oacute;, da Universidade da Catalunha.<\/div>\n<div>&nbsp;<\/div>\n<div>Martin Carnoy voltar&aacute; para debater Forma&ccedil;&atilde;o de Professores ao lado de Gustavo Ioschpe, mestre em Economia pela Universidade de Yale, autor do livro &ldquo;A Ignor&acirc;ncia Custa um Mundo&rdquo; e ganhador do Pr&ecirc;mio Jabuti em 2005.<\/div>\n<div>&nbsp;<\/div>\n<div>O segundo dia come&ccedil;ar&aacute; com a discuss&atilde;o sobre a sala de aula com Claudio de Moura Castro, doutor em Economia pela Universidade de Berkeley e articulista da Revista Veja; Richard C. Hinckley, CEO do Center for Occupational Research and Development; Ilona Becskeh&aacute;zy, diretora da &Aacute;rea de Desenvolvimento de Educa&ccedil;&atilde;o da Funda&ccedil;&atilde;o Lemann.<\/div>\n<div>&nbsp;<\/div>\n<div>A programa&ccedil;&atilde;o terminar&aacute; com Pequenas e Grandes Revolu&ccedil;&otilde;es na Escola, apresentado por Miguel Nicolelis, neurocientista fundador do Instituto Internacional de Neuroci&ecirc;ncia de Natal (refer&ecirc;ncia mundial em educa&ccedil;&atilde;o cient&iacute;fica); Ricardo Semler, CEO da Semco, criador da Funda&ccedil;&atilde;o Ralston-Semler, que busca de solu&ccedil;&otilde;es e inova&ccedil;&otilde;es para educa&ccedil;&atilde;o; Norman Gall, jornalista e um dos fundadores do Instituto Fernand Braudel de Economia Mundial; e Marcos Magalh&atilde;es, ex-presidente da Philips e atual presidente do Instituto de Corresponsabilidade pela Educa&ccedil;&atilde;o.<\/div>\n<div>&nbsp;<\/div>\n<div><strong>Servi&ccedil;o<\/strong><\/div>\n<div>Sala Mundo Curitiba 2011&nbsp;<\/div>\n<div>Data: 17 e 18 de agosto<\/div>\n<div>Local: Teatro Positivo (avenida Pedro Viriato Parigot de Souza, 5.300, Mossungu&ecirc;)<\/div>\n<div>Inscri&ccedil;&otilde;es: www.salamundo.com.br<\/div>\n<div>&nbsp;<\/div>\n<div><strong>Programa&ccedil;&atilde;o<\/strong><\/div>\n<div>Dia 17<\/div>\n<div>8h &#8211; Cerim&ocirc;nia de Abertura<\/div>\n<div>9h20 &#8211; A Hist&oacute;ria da Educa&ccedil;&atilde;o: Li&ccedil;&otilde;es internacionais e os recentes avan&ccedil;os do Brasil. Com Martin Carnoy.<\/div>\n<div>10h30 &#8211; A Hist&oacute;ria da Educa&ccedil;&atilde;o. Com Kazuhiro Yoshida.<\/div>\n<div>14h &#8211; Avalia&ccedil;&atilde;o: Instrumentos e Medidas. O que Aprendemos sobre Igualdades e Desigualdades? Com Jos&eacute; Francisco Soares e Pedro Ravela&nbsp;<\/div>\n<div>15h20 &#8211; Tecnologia Educacional- com Paulo Blikstein e Francesc Pedr&oacute;&nbsp;<\/div>\n<div>17h10 &#8211; Forma&ccedil;&atilde;o de Professores. Martin Carnoy e Gustavo Ioschpe<\/div>\n<div>Dia 18<\/div>\n<div>8h30 &#8211; Sala da Aula: Espa&ccedil;o privilegiado para aprendizagem. Com Claudio de Moura Castro, Richard C. Hinckley e Ilona Becskeh&aacute;zy<\/div>\n<div>10h30 &#8211; Pequenas e Grandes Revolu&ccedil;&otilde;es na Escola. Com Miguel Nicolelis, Ricardo Semler, Norman Gall e Marcos Magalh&atilde;es<\/div>\n","protected":false},"excerpt":{"rendered":"<p>Curitiba foi escolhida como sede do Sala Mundo, encontro internacional da educa\u00e7\u00e3o que ter\u00e1 seis palestras, com especialistas do Brasil e do exterior, nos pr\u00f3ximos 17 e 18 de agosto, no Teatro Positivo. A abertura ser\u00e1 com o Ministro da Educa\u00e7\u00e3o, Fernando Haddad. O prefeito de Curitiba, Luciano Ducci, tamb\u00e9m participar\u00e1.<\/p>\n<p>O Sala Mundo \u00e9 realizado pelo Grupo Positivo, com apoio da Prefeitura. Curitiba abrigar\u00e1 o encontro por ser refer\u00eancia no ensino p\u00fablico e privado e pelos altos \u00edndices de desenvolvimento alcan\u00e7ados pela cidade, como o melhor \u00cdndice de Desenvolvimento da Educa\u00e7\u00e3o B\u00e1sica (Ideb) entre as capitais por tr\u00eas vezes consecutivas, o selo de cidade livre do analfabetismo (alfabetiza\u00e7\u00e3o superior a 96%), Melhor \u00edndice de Desenvolvimento Municipal (Firjan 2010).<\/p>\n","protected":false},"author":1,"featured_media":29047,"comment_status":"open","ping_status":"open","sticky":false,"template":"","format":"standard","meta":{"footnotes":""},"categories":[1],"tags":[4],"class_list":["post-29048","post","type-post","status-publish","format-standard","has-post-thumbnail","hentry","category-noticias-zeca-dirceu","tag-educacao"],"_links":{"self":[{"href":"https:\/\/teste.bsb.br\/zeca\/wp-json\/wp\/v2\/posts\/29048","targetHints":{"allow":["GET"]}}],"collection":[{"href":"https:\/\/teste.bsb.br\/zeca\/wp-json\/wp\/v2\/posts"}],"about":[{"href":"https:\/\/teste.bsb.br\/zeca\/wp-json\/wp\/v2\/types\/post"}],"author":[{"embeddable":true,"href":"https:\/\/teste.bsb.br\/zeca\/wp-json\/wp\/v2\/users\/1"}],"replies":[{"embeddable":true,"href":"https:\/\/teste.bsb.br\/zeca\/wp-json\/wp\/v2\/comments?post=29048"}],"version-history":[{"count":0,"href":"https:\/\/teste.bsb.br\/zeca\/wp-json\/wp\/v2\/posts\/29048\/revisions"}],"wp:featuredmedia":[{"embeddable":true,"href":"https:\/\/teste.bsb.br\/zeca\/wp-json\/wp\/v2\/media\/29047"}],"wp:attachment":[{"href":"https:\/\/teste.bsb.br\/zeca\/wp-json\/wp\/v2\/media?parent=29048"}],"wp:term":[{"taxonomy":"category","embeddable":true,"href":"https:\/\/teste.bsb.br\/zeca\/wp-json\/wp\/v2\/categories?post=29048"},{"taxonomy":"post_tag","embeddable":true,"href":"https:\/\/teste.bsb.br\/zeca\/wp-json\/wp\/v2\/tags?post=29048"}],"curies":[{"name":"wp","href":"https:\/\/api.w.org\/{rel}","templated":true}]}}