{"id":29020,"date":"2011-08-06T00:00:00","date_gmt":"2011-08-06T03:00:00","guid":{"rendered":"https:\/\/www.zecadirceu.com.br\/forum-em-cianorte-reune-trabalhadores-do-setor-textil-vestuario-couro-e-calcado\/"},"modified":"2011-08-06T00:00:00","modified_gmt":"2011-08-06T03:00:00","slug":"forum-em-cianorte-reune-trabalhadores-do-setor-textil-vestuario-couro-e-calcado","status":"publish","type":"post","link":"https:\/\/teste.bsb.br\/zeca\/forum-em-cianorte-reune-trabalhadores-do-setor-textil-vestuario-couro-e-calcado\/","title":{"rendered":"F\u00f3rum em Cianorte re\u00fane trabalhadores do setor t\u00eaxtil, vestu\u00e1rio, couro e cal\u00e7ado"},"content":{"rendered":"<p>O deputado Zeca Dirceu (PT-PR) participa daqui a pouco, &agrave;s 11h em Cianorte, do 5&ordm; F&oacute;rum Sindical Sul dos Trabalhadores do Setor T&ecirc;xtil, Vestu&aacute;rio, Couro e Cal&ccedil;ado. O encontro &eacute; realizado em parceria entre o Sindicato das Costureiras de Cianorte e Regi&atilde;oe a Federa&ccedil;&atilde;o dos Trabalhadores nas Ind&uacute;strias do Estado do Paran&aacute; e conta com o apoio da Confedera&ccedil;&atilde;o Nacional dos Trabalhadores na Ind&uacute;stria.<br \/>\n&nbsp;<br \/>\nNo encontro est&atilde;o sendo discutidos os problemas que o setor enfrenta atualmente, como as amea&ccedil;as das importa&ccedil;&otilde;es de outros pa&iacute;ses, especialmente a China. &quot;O F&oacute;rum &eacute; um momento importante para debater as principais quest&otilde;es que afetam o setor t&ecirc;xtil, e como vice-l&iacute;der no Congresso Nacional da Frente Parlamentar da Ind&uacute;stria T&ecirc;xtil e de Confec&ccedil;&atilde;o e coordenador no Paran&aacute;, vou participar e mostrar o trabalho que vem sendo feito em prol do setor&quot;, diz Zeca Dirceu.<br \/>\n&nbsp;<br \/>\nZeca destaca que o Plano Brasil Maior, lan&ccedil;ado nesta semana pela presidenta Dilma Rousseff, &eacute; um dos bons exemplos de a&ccedil;&atilde;o concreta para auxiliar o setor t&ecirc;xtil, um dos que mais emprega no pa&iacute;s e no Paran&aacute;. &quot;V&aacute;rias sugest&otilde;es e pedidos que o setor t&ecirc;xtil apresentou &agrave; Frente Parlamentar foram contemplados no Plano Brasil Maior, e isto &eacute; apenas o in&iacute;cio de um trabalho que, tenho certeza, ainda vai trazer muitos bons frutos para o nosso Estado e para o pa&iacute;s&quot;, afirma o deputado.<\/p>\n","protected":false},"excerpt":{"rendered":"<p>O deputado Zeca Dirceu (PT-PR) participa daqui a pouco, \u00e0s 11h em Cianorte, do 5\u00ba F\u00f3rum Sindical Sul dos Trabalhadores do Setor T\u00eaxtil, Vestu\u00e1rio, Couro e Cal\u00e7ado. O encontro \u00e9 realizado em parceria entre o Sindicato das Costureiras de Cianorte e Regi\u00e3oe a Federa\u00e7\u00e3o dos Trabalhadores nas Ind\u00fastrias do Estado do Paran\u00e1 e conta com o apoio da Confedera\u00e7\u00e3o Nacional dos Trabalhadores na Ind\u00fastria.<\/p>\n<p>No encontro est\u00e3o sendo discutidos os problemas que o setor enfrenta atualmente, como as amea\u00e7as das importa\u00e7\u00f5es de outros pa\u00edses, especialmente a China. &#8220;O F\u00f3rum \u00e9 um momento importante para debater as principais quest\u00f5es que afetam o setor t\u00eaxtil, e como vice-l\u00edder no Congresso Nacional da Frente Parlamentar da Ind\u00fastria T\u00eaxtil e de Confec\u00e7\u00e3o e coordenador no Paran\u00e1, vou participar e mostrar o trabalho que vem sendo feito em prol do setor&#8221;, diz Zeca Dirceu.<\/p>\n<p>Zeca destaca que o Plano Brasil Maior, lan\u00e7ado nesta semana pela presidenta Dilma Rousseff, \u00e9 um dos bons exemplos de a\u00e7\u00e3o concreta para auxiliar o setor t\u00eaxtil, um dos que mais emprega no pa\u00eds e no Paran\u00e1. &#8220;V\u00e1rias sugest\u00f5es e pedidos que o setor t\u00eaxtil apresentou \u00e0 Frente Parlamentar foram contemplados no Plano Brasil Maior, e isto \u00e9 apenas o in\u00edcio de um trabalho que, tenho certeza, ainda vai trazer muitos bons frutos para o nosso Estado e para o pa\u00eds&#8221;, afirma o deputado.<\/p>\n","protected":false},"author":1,"featured_media":29019,"comment_status":"open","ping_status":"open","sticky":false,"template":"","format":"standard","meta":{"footnotes":""},"categories":[1],"tags":[6866],"class_list":["post-29020","post","type-post","status-publish","format-standard","has-post-thumbnail","hentry","category-noticias-zeca-dirceu","tag-forum-dos-trabalhadores"],"_links":{"self":[{"href":"https:\/\/teste.bsb.br\/zeca\/wp-json\/wp\/v2\/posts\/29020","targetHints":{"allow":["GET"]}}],"collection":[{"href":"https:\/\/teste.bsb.br\/zeca\/wp-json\/wp\/v2\/posts"}],"about":[{"href":"https:\/\/teste.bsb.br\/zeca\/wp-json\/wp\/v2\/types\/post"}],"author":[{"embeddable":true,"href":"https:\/\/teste.bsb.br\/zeca\/wp-json\/wp\/v2\/users\/1"}],"replies":[{"embeddable":true,"href":"https:\/\/teste.bsb.br\/zeca\/wp-json\/wp\/v2\/comments?post=29020"}],"version-history":[{"count":0,"href":"https:\/\/teste.bsb.br\/zeca\/wp-json\/wp\/v2\/posts\/29020\/revisions"}],"wp:featuredmedia":[{"embeddable":true,"href":"https:\/\/teste.bsb.br\/zeca\/wp-json\/wp\/v2\/media\/29019"}],"wp:attachment":[{"href":"https:\/\/teste.bsb.br\/zeca\/wp-json\/wp\/v2\/media?parent=29020"}],"wp:term":[{"taxonomy":"category","embeddable":true,"href":"https:\/\/teste.bsb.br\/zeca\/wp-json\/wp\/v2\/categories?post=29020"},{"taxonomy":"post_tag","embeddable":true,"href":"https:\/\/teste.bsb.br\/zeca\/wp-json\/wp\/v2\/tags?post=29020"}],"curies":[{"name":"wp","href":"https:\/\/api.w.org\/{rel}","templated":true}]}}