{"id":29004,"date":"2011-08-07T00:00:00","date_gmt":"2011-08-07T03:00:00","guid":{"rendered":"https:\/\/www.zecadirceu.com.br\/portal-mais-emprego-chega-ao-parana-no-dia-22\/"},"modified":"2011-08-07T00:00:00","modified_gmt":"2011-08-07T03:00:00","slug":"portal-mais-emprego-chega-ao-parana-no-dia-22","status":"publish","type":"post","link":"https:\/\/teste.bsb.br\/zeca\/portal-mais-emprego-chega-ao-parana-no-dia-22\/","title":{"rendered":"Portal mais Emprego chega ao Paran\u00e1 no dia 22"},"content":{"rendered":"<p>No pr&oacute;ximo dia 22 de agosto, come&ccedil;a a operar em todo do Paran&aacute; o Portal Mais Emprego. O sistema trar&aacute; uma base unificada de dados, integrando informa&ccedil;&otilde;es de todo o territ&oacute;rio nacional, incluindo o Sine, superintend&ecirc;ncias regionais do Trabalho, Caixa Econ&ocirc;mica Federal e entidades de qualifica&ccedil;&atilde;o profissional.<\/p>\n<p>O objetivo do Minist&eacute;rio do Trabalho com a nova ferramenta &eacute; facilitar a recoloca&ccedil;&atilde;o do profissional no mercado de trabalho e, consequentemente, diminuir as solicita&ccedil;&otilde;es de seguro- desemprego no Pa&iacute;s.<\/p>\n<p>Segundo o minist&eacute;rio, no momento que o trabalhador entrar com o pedido do seguro-desemprego, ele ser&aacute; encaminhado para vagas dispon&iacute;veis, condizentes com sua ocupa&ccedil;&atilde;o anterior e com sal&aacute;rio igual ou superior. A Lei n&ordm; 7.998, de 1990, que regula o programa do seguro-desemprego, prev&ecirc; que o trabalhador que recusar o novo emprego sem justificativa legal ter&aacute; o pagamento do benef&iacute;cio cancelado.<\/p>\n","protected":false},"excerpt":{"rendered":"<p>No pr\u00f3ximo dia 22 de agosto, come\u00e7a a operar em todo do Paran\u00e1 o Portal Mais Emprego. O sistema trar\u00e1 uma base unificada de dados, integrando informa\u00e7\u00f5es de todo o territ\u00f3rio nacional, incluindo o Sine, superintend\u00eancias regionais do Trabalho, Caixa Econ\u00f4mica Federal e entidades de qualifica\u00e7\u00e3o profissional. <\/p>\n<p>O objetivo do Minist\u00e9rio do Trabalho com a nova ferramenta \u00e9 facilitar a recoloca\u00e7\u00e3o do profissional no mercado de trabalho e, consequentemente, diminuir as solicita\u00e7\u00f5es de seguro- desemprego no Pa\u00eds.<\/p>\n","protected":false},"author":1,"featured_media":29003,"comment_status":"open","ping_status":"open","sticky":false,"template":"","format":"standard","meta":{"footnotes":""},"categories":[1],"tags":[6863],"class_list":["post-29004","post","type-post","status-publish","format-standard","has-post-thumbnail","hentry","category-noticias-zeca-dirceu","tag-portal-mais-emprego"],"_links":{"self":[{"href":"https:\/\/teste.bsb.br\/zeca\/wp-json\/wp\/v2\/posts\/29004","targetHints":{"allow":["GET"]}}],"collection":[{"href":"https:\/\/teste.bsb.br\/zeca\/wp-json\/wp\/v2\/posts"}],"about":[{"href":"https:\/\/teste.bsb.br\/zeca\/wp-json\/wp\/v2\/types\/post"}],"author":[{"embeddable":true,"href":"https:\/\/teste.bsb.br\/zeca\/wp-json\/wp\/v2\/users\/1"}],"replies":[{"embeddable":true,"href":"https:\/\/teste.bsb.br\/zeca\/wp-json\/wp\/v2\/comments?post=29004"}],"version-history":[{"count":0,"href":"https:\/\/teste.bsb.br\/zeca\/wp-json\/wp\/v2\/posts\/29004\/revisions"}],"wp:featuredmedia":[{"embeddable":true,"href":"https:\/\/teste.bsb.br\/zeca\/wp-json\/wp\/v2\/media\/29003"}],"wp:attachment":[{"href":"https:\/\/teste.bsb.br\/zeca\/wp-json\/wp\/v2\/media?parent=29004"}],"wp:term":[{"taxonomy":"category","embeddable":true,"href":"https:\/\/teste.bsb.br\/zeca\/wp-json\/wp\/v2\/categories?post=29004"},{"taxonomy":"post_tag","embeddable":true,"href":"https:\/\/teste.bsb.br\/zeca\/wp-json\/wp\/v2\/tags?post=29004"}],"curies":[{"name":"wp","href":"https:\/\/api.w.org\/{rel}","templated":true}]}}