{"id":28994,"date":"2011-08-07T00:00:00","date_gmt":"2011-08-07T03:00:00","guid":{"rendered":"https:\/\/www.zecadirceu.com.br\/pt-lanca-campanha-pela-reforma-politica\/"},"modified":"2011-08-07T00:00:00","modified_gmt":"2011-08-07T03:00:00","slug":"pt-lanca-campanha-pela-reforma-politica","status":"publish","type":"post","link":"https:\/\/teste.bsb.br\/zeca\/pt-lanca-campanha-pela-reforma-politica\/","title":{"rendered":"PT lan\u00e7a campanha pela Reforma Pol\u00edtica"},"content":{"rendered":"<p>O PT lan&ccedil;ou uma campanha pela reforma pol&iacute;tica em que o ponto central ser&aacute; o financiamento p&uacute;blico das campanhas eleitorais. Na proposta, o relator da reforma na C&acirc;mara dos Deputados, Henrique Fontana (PT-RS), abre espa&ccedil;o para doa&ccedil;&otilde;es de empresas privadas e de estatais para um fundo geral para as elei&ccedil;&otilde;es, que ser&aacute; gerido pelo TSE.<\/p>\n<p>O relator prop&otilde;e tamb&eacute;m um sistema misto de vota&ccedil;&atilde;o, em que metade dos deputados e dos vereadores &eacute; eleita por sistema de lista fechada e outra metade em voto proporcional, como ocorre hoje. A proposta acaba com suplente de senadores. No caso de aus&ecirc;ncia, o senador titular passaria a ser substitu&iacute;do pelo deputado mais votado de seu partido e de seu estado.<\/p>\n","protected":false},"excerpt":{"rendered":"<p>O PT lan\u00e7ou uma campanha pela reforma pol\u00edtica em que o ponto central ser\u00e1 o financiamento p\u00fablico das campanhas eleitorais. Na proposta, o relator da reforma na C\u00e2mara dos Deputados, Henrique Fontana (PT-RS), abre espa\u00e7o para doa\u00e7\u00f5es de empresas privadas e de estatais para um fundo geral para as elei\u00e7\u00f5es, que ser\u00e1 gerido pelo TSE. <\/p>\n<p>O relator prop\u00f5e tamb\u00e9m um sistema misto de vota\u00e7\u00e3o, em que metade dos deputados e dos vereadores \u00e9 eleita por sistema de lista fechada e outra metade em voto proporcional, como ocorre hoje. A proposta acaba com suplente de senadores. No caso de aus\u00eancia, o senador titular passaria a ser substitu\u00eddo pelo deputado mais votado de seu partido e de seu estado.<\/p>\n","protected":false},"author":1,"featured_media":28993,"comment_status":"open","ping_status":"open","sticky":false,"template":"","format":"standard","meta":{"footnotes":""},"categories":[1],"tags":[2495],"class_list":["post-28994","post","type-post","status-publish","format-standard","has-post-thumbnail","hentry","category-noticias-zeca-dirceu","tag-reforma-politica"],"_links":{"self":[{"href":"https:\/\/teste.bsb.br\/zeca\/wp-json\/wp\/v2\/posts\/28994","targetHints":{"allow":["GET"]}}],"collection":[{"href":"https:\/\/teste.bsb.br\/zeca\/wp-json\/wp\/v2\/posts"}],"about":[{"href":"https:\/\/teste.bsb.br\/zeca\/wp-json\/wp\/v2\/types\/post"}],"author":[{"embeddable":true,"href":"https:\/\/teste.bsb.br\/zeca\/wp-json\/wp\/v2\/users\/1"}],"replies":[{"embeddable":true,"href":"https:\/\/teste.bsb.br\/zeca\/wp-json\/wp\/v2\/comments?post=28994"}],"version-history":[{"count":0,"href":"https:\/\/teste.bsb.br\/zeca\/wp-json\/wp\/v2\/posts\/28994\/revisions"}],"wp:featuredmedia":[{"embeddable":true,"href":"https:\/\/teste.bsb.br\/zeca\/wp-json\/wp\/v2\/media\/28993"}],"wp:attachment":[{"href":"https:\/\/teste.bsb.br\/zeca\/wp-json\/wp\/v2\/media?parent=28994"}],"wp:term":[{"taxonomy":"category","embeddable":true,"href":"https:\/\/teste.bsb.br\/zeca\/wp-json\/wp\/v2\/categories?post=28994"},{"taxonomy":"post_tag","embeddable":true,"href":"https:\/\/teste.bsb.br\/zeca\/wp-json\/wp\/v2\/tags?post=28994"}],"curies":[{"name":"wp","href":"https:\/\/api.w.org\/{rel}","templated":true}]}}