{"id":28988,"date":"2011-08-07T00:00:00","date_gmt":"2011-08-07T03:00:00","guid":{"rendered":"https:\/\/www.zecadirceu.com.br\/dilma-e-nosso-dever-assegurar-que-cada-brasileiro-tenha-um-lar\/"},"modified":"2011-08-07T00:00:00","modified_gmt":"2011-08-07T03:00:00","slug":"dilma-e-nosso-dever-assegurar-que-cada-brasileiro-tenha-um-lar","status":"publish","type":"post","link":"https:\/\/teste.bsb.br\/zeca\/dilma-e-nosso-dever-assegurar-que-cada-brasileiro-tenha-um-lar\/","title":{"rendered":"Dilma: \u00c9 nosso dever assegurar que cada brasileiro tenha um lar"},"content":{"rendered":"<p>A presidenta Dilma Rousseff disse durante entrega de 1,5 mil novas moradias na Bahia que o programa Minha Casa, Minha Vida significa cumprimento de uma obriga&ccedil;&atilde;o do Estado brasileiro junto &agrave;s popula&ccedil;&otilde;es mais pobres. &ldquo;&Eacute; um dever nosso assegurar que cada brasileiro, cada fam&iacute;lia brasileira tenha seu lar&rdquo;.<\/p>\n<p>&ldquo;Quando a gente tem essa grande oportunidade de ver uma chave sendo entregue para mulheres com filhos, tenho certeza de que o futuro desse pa&iacute;s ser&aacute; melhor. Porque crian&ccedil;a protegida, crian&ccedil;as com teto, com lar, assegura o presente, mas sobretudo, assegura o futuro desse pa&iacute;s&rdquo;, enfatizou.<\/p>\n<p>Dilma ressaltou ainda que o Minha Casa Minha Vida &eacute; um programa que tem um objetivo fundamental: assegurar um lar para as fam&iacute;lias. Isso se traduz em acesso a condi&ccedil;&otilde;es fundamentais de vida. &ldquo;&#91;Um lar] &eacute; onde a gente cria os filhos, &eacute; onde a gente pode receber fam&iacute;lia e amigos, &eacute; onde (&hellip;) a gente pode desenvolver afeto&rdquo;. Para ela, o melhor momento da gest&atilde;o do programa &eacute; o da entrega das chaves, porque, em suas palavras, &ldquo;&eacute; a&iacute; que come&ccedil;a a mudan&ccedil;a na vida de quem recebeu&rdquo;.<\/p>\n<p>Ela lembrou que a meta estabelecida pelo programa at&eacute; o fim de 2010, de um milh&atilde;o de casas constru&iacute;das ou em processo de constru&ccedil;&atilde;o, foi cumprida. Agora, segundo ela, a nova meta &eacute; construir pelo menos dois milh&otilde;es de moradias at&eacute; o fim de seu governo. &ldquo;E vamos sempre olhar primeiro para os que mais precisam, para aqueles que t&ecirc;m menos renda e n&atilde;o conseguem, com sua renda, comprar uma casa&rdquo;.<\/p>\n","protected":false},"excerpt":{"rendered":"<p>A presidenta Dilma Rousseff disse durante entrega de 1,5 mil novas moradias na Bahia que o programa Minha Casa, Minha Vida significa cumprimento de uma obriga\u00e7\u00e3o do Estado brasileiro junto \u00e0s popula\u00e7\u00f5es mais pobres. \u201c\u00c9 um dever nosso assegurar que cada brasileiro, cada fam\u00edlia brasileira tenha seu lar\u201d.<\/p>\n<p>\u201cQuando a gente tem essa grande oportunidade de ver uma chave sendo entregue para mulheres com filhos, tenho certeza de que o futuro desse pa\u00eds ser\u00e1 melhor. Porque crian\u00e7a protegida, crian\u00e7as com teto, com lar, assegura o presente, mas sobretudo, assegura o futuro desse pa\u00eds\u201d, enfatizou.<\/p>\n<p>Dilma ressaltou ainda que o Minha Casa Minha Vida \u00e9 um programa que tem um objetivo fundamental: assegurar um lar para as fam\u00edlias. Isso se traduz em acesso a condi\u00e7\u00f5es fundamentais de vida. \u201c[Um lar] \u00e9 onde a gente cria os filhos, \u00e9 onde a gente pode receber fam\u00edlia e amigos, \u00e9 onde (\u2026) a gente pode desenvolver afeto\u201d. Para ela, o melhor momento da gest\u00e3o do programa \u00e9 o da entrega das chaves, porque, em suas palavras, \u201c\u00e9 a\u00ed que come\u00e7a a mudan\u00e7a na vida de quem recebeu\u201d.<\/p>\n","protected":false},"author":1,"featured_media":28987,"comment_status":"open","ping_status":"open","sticky":false,"template":"","format":"standard","meta":{"footnotes":""},"categories":[1],"tags":[601,270,2103],"class_list":["post-28988","post","type-post","status-publish","format-standard","has-post-thumbnail","hentry","category-noticias-zeca-dirceu","tag-dilma","tag-minha-casa","tag-minha-vida"],"_links":{"self":[{"href":"https:\/\/teste.bsb.br\/zeca\/wp-json\/wp\/v2\/posts\/28988","targetHints":{"allow":["GET"]}}],"collection":[{"href":"https:\/\/teste.bsb.br\/zeca\/wp-json\/wp\/v2\/posts"}],"about":[{"href":"https:\/\/teste.bsb.br\/zeca\/wp-json\/wp\/v2\/types\/post"}],"author":[{"embeddable":true,"href":"https:\/\/teste.bsb.br\/zeca\/wp-json\/wp\/v2\/users\/1"}],"replies":[{"embeddable":true,"href":"https:\/\/teste.bsb.br\/zeca\/wp-json\/wp\/v2\/comments?post=28988"}],"version-history":[{"count":0,"href":"https:\/\/teste.bsb.br\/zeca\/wp-json\/wp\/v2\/posts\/28988\/revisions"}],"wp:featuredmedia":[{"embeddable":true,"href":"https:\/\/teste.bsb.br\/zeca\/wp-json\/wp\/v2\/media\/28987"}],"wp:attachment":[{"href":"https:\/\/teste.bsb.br\/zeca\/wp-json\/wp\/v2\/media?parent=28988"}],"wp:term":[{"taxonomy":"category","embeddable":true,"href":"https:\/\/teste.bsb.br\/zeca\/wp-json\/wp\/v2\/categories?post=28988"},{"taxonomy":"post_tag","embeddable":true,"href":"https:\/\/teste.bsb.br\/zeca\/wp-json\/wp\/v2\/tags?post=28988"}],"curies":[{"name":"wp","href":"https:\/\/api.w.org\/{rel}","templated":true}]}}