{"id":28960,"date":"2011-08-09T00:00:00","date_gmt":"2011-08-09T03:00:00","guid":{"rendered":"https:\/\/www.zecadirceu.com.br\/fernando-morais-fara-livro-sobre-o-governo-lula\/"},"modified":"2011-08-09T00:00:00","modified_gmt":"2011-08-09T03:00:00","slug":"fernando-morais-fara-livro-sobre-o-governo-lula","status":"publish","type":"post","link":"https:\/\/teste.bsb.br\/zeca\/fernando-morais-fara-livro-sobre-o-governo-lula\/","title":{"rendered":"Fernando Morais far\u00e1 livro sobre o governo Lula"},"content":{"rendered":"<div>O bi&oacute;grafo de Olga Ben&aacute;rio, Assis Chateaubriand e Paulo Coelho agora vai assinar a hist&oacute;ria oficial do governo Lula (2003-2010). Autor de best-sellers premiados, Fernando Morais foi convidado pelo ex-presidente para organizar um livro sobre seus dois mandatos. Ele diz que o modelo da narrativa ainda n&atilde;o foi definido, mas deixa claro que a obra reproduzir&aacute; sua simpatia pelo protagonista.<\/div>\n<div>&nbsp;<\/div>\n<div>&quot;Estou muito animado. Gosto do Lula, fiz campanha para ele. &Eacute; um personagem fascinante, que p&ocirc;s o Brasil em outro patamar&quot;, exalta. &quot;Ainda &eacute; cedo para avaliar o seu governo na Hist&oacute;ria, mas acho que nossos tatarenetos v&atilde;o se lembrar do Get&uacute;lio Vargas e do Lula.&quot; Apesar dos elogios, Morais, que pediu votos para a presidente Dilma Rousseff no ano passado, promete evitar um relato ufanista da administra&ccedil;&atilde;o do amigo.<\/div>\n<div>&nbsp;<\/div>\n<div>&quot;N&atilde;o ser&aacute; um livro chapa-branca, como os programas do Amaral Netto sobre os feitos da ditadura militar&quot;, diz ele. &quot;Nem acho que o Lula queira que eu fa&ccedil;a isso.&quot; Na semana passada, os dois conversaram sobre o projeto em almo&ccedil;o no Instituto Cidadania, em S&atilde;o Paulo. Entre pratos de feij&atilde;o de corda, combinaram novos encontros a partir de setembro.<\/div>\n<div>Lula sonha com um livro em que brasileiros ricos e pobres contem como a vida teria mudado -para melhor, claro- em seu governo.<\/div>\n<div>&nbsp;<\/div>\n<div>Morais n&atilde;o conseguiu convenc&ecirc;-lo a dar um depoimento em primeira pessoa, e agora busca outra f&oacute;rmula para contar bastidores da gest&atilde;o. N&atilde;o est&aacute; decidido se o livro ser&aacute; oferecido a uma editora ou publicado pelo futuro Instituto Lula. Por ora, o desafio do autor &eacute; encontrar brechas na nova agenda de pol&iacute;tico e palestrante internacional do ex-presidente. &quot;&Eacute; dif&iacute;cil, porque o homem n&atilde;o para. Est&aacute; hiperativo.&quot;<\/div>\n<div>&nbsp;<\/div>\n<div>O projeto atropelar&aacute; duas biografias inconclusas de Morais: do ex-senador Antonio Carlos Magalh&atilde;es e do ex-ministro Jos&eacute; Dirceu, que tamb&eacute;m &eacute; seu amigo. &quot;Esta foi interrompida pelo fim do mandato dele&quot;, comenta, numa refer&ecirc;ncia sutil &agrave; cassa&ccedil;&atilde;o do petista acusado de chefiar o mensal&atilde;o.<\/div>\n","protected":false},"excerpt":{"rendered":"<p>O bi\u00f3grafo de Olga Ben\u00e1rio, Assis Chateaubriand e Paulo Coelho agora vai assinar a hist\u00f3ria oficial do governo Lula (2003-2010). Autor de best-sellers premiados, Fernando Morais foi convidado pelo ex-presidente para organizar um livro sobre seus dois mandatos. Ele diz que o modelo da narrativa ainda n\u00e3o foi definido, mas deixa claro que a obra reproduzir\u00e1 sua simpatia pelo protagonista.<\/p>\n<p>&#8220;Estou muito animado. Gosto do Lula, fiz campanha para ele. \u00c9 um personagem fascinante, que p\u00f4s o Brasil em outro patamar&#8221;, exalta. &#8220;Ainda \u00e9 cedo para avaliar o seu governo na Hist\u00f3ria, mas acho que nossos tatarenetos v\u00e3o se lembrar do Get\u00falio Vargas e do Lula.&#8221; Apesar dos elogios, Morais, que pediu votos para a presidente Dilma Rousseff no ano passado, promete evitar um relato ufanista da administra\u00e7\u00e3o do amigo.<\/p>\n","protected":false},"author":1,"featured_media":28959,"comment_status":"open","ping_status":"open","sticky":false,"template":"","format":"standard","meta":{"footnotes":""},"categories":[1],"tags":[117],"class_list":["post-28960","post","type-post","status-publish","format-standard","has-post-thumbnail","hentry","category-noticias-zeca-dirceu","tag-pt"],"_links":{"self":[{"href":"https:\/\/teste.bsb.br\/zeca\/wp-json\/wp\/v2\/posts\/28960","targetHints":{"allow":["GET"]}}],"collection":[{"href":"https:\/\/teste.bsb.br\/zeca\/wp-json\/wp\/v2\/posts"}],"about":[{"href":"https:\/\/teste.bsb.br\/zeca\/wp-json\/wp\/v2\/types\/post"}],"author":[{"embeddable":true,"href":"https:\/\/teste.bsb.br\/zeca\/wp-json\/wp\/v2\/users\/1"}],"replies":[{"embeddable":true,"href":"https:\/\/teste.bsb.br\/zeca\/wp-json\/wp\/v2\/comments?post=28960"}],"version-history":[{"count":0,"href":"https:\/\/teste.bsb.br\/zeca\/wp-json\/wp\/v2\/posts\/28960\/revisions"}],"wp:featuredmedia":[{"embeddable":true,"href":"https:\/\/teste.bsb.br\/zeca\/wp-json\/wp\/v2\/media\/28959"}],"wp:attachment":[{"href":"https:\/\/teste.bsb.br\/zeca\/wp-json\/wp\/v2\/media?parent=28960"}],"wp:term":[{"taxonomy":"category","embeddable":true,"href":"https:\/\/teste.bsb.br\/zeca\/wp-json\/wp\/v2\/categories?post=28960"},{"taxonomy":"post_tag","embeddable":true,"href":"https:\/\/teste.bsb.br\/zeca\/wp-json\/wp\/v2\/tags?post=28960"}],"curies":[{"name":"wp","href":"https:\/\/api.w.org\/{rel}","templated":true}]}}