{"id":28942,"date":"2011-08-09T00:00:00","date_gmt":"2011-08-09T03:00:00","guid":{"rendered":"https:\/\/www.zecadirceu.com.br\/publicado-edital-para-reforma-do-aeroporto-de-foz-do-iguacu\/"},"modified":"2011-08-09T00:00:00","modified_gmt":"2011-08-09T03:00:00","slug":"publicado-edital-para-reforma-do-aeroporto-de-foz-do-iguacu","status":"publish","type":"post","link":"https:\/\/teste.bsb.br\/zeca\/publicado-edital-para-reforma-do-aeroporto-de-foz-do-iguacu\/","title":{"rendered":"Publicado edital para reforma do Aeroporto de Foz do Igua\u00e7u"},"content":{"rendered":"<div>O Di&aacute;rio Oficial da Uni&atilde;o publicou nesta segunda-feira (8) o edital da concorr&ecirc;ncia n&ordm; 009\/ADSU-4\/SBFI\/2011 para a contrata&ccedil;&atilde;o da empresa de engenharia que far&aacute; as obras de reforma e amplia&ccedil;&atilde;o do terminal de passageiros, via frontal e edifica&ccedil;&otilde;es de apoio do Aeroporto Internacional de Foz do Igua&ccedil;u.<\/div>\n<div>&nbsp;<\/div>\n<div>O valor das obras est&aacute; or&ccedil;ado em R$ 66,5 milh&otilde;es. O in&iacute;cio do processo &eacute; considerado uma conquista pelo trade tur&iacute;stico de Foz do Igua&ccedil;u, que desde 2009 vem se mobilizando para melhorar as condi&ccedil;&otilde;es do terminal.<\/div>\n<div>&nbsp;<\/div>\n<div>Ao longo de 2010, dezesseis entidades representativas do Destino Igua&ccedil;u produziram um documento que foi enviado ao ent&atilde;o presidente Luiz In&aacute;cio Lula da Silva, &agrave; ent&atilde;o ministra da Casa Civil, Dilma Rousseff, e para outros ministros e autoridades, elencando os pontos mais importantes do aeroporto.<\/div>\n<div>&nbsp;<\/div>\n<div>Com o apoio da senadora e hoje ministra da Casa Civil, Gleisi Hoffmann, o projeto passou a fazer parte do Programa de Acelera&ccedil;&atilde;o do Crescimento &ndash; Fase 2 (PAC 2) do Governo Federal.<\/div>\n<div>&nbsp;<\/div>\n<div>&ldquo;Essas obras v&ecirc;m dar um f&ocirc;lego extra para o aeroporto, at&eacute; que o projeto maior, que est&aacute; sendo coordenado pelo Fundo Igua&ccedil;u, seja viabilizado&rdquo;, avaliou Gilmar Piolla (foto), superintendente de Comunica&ccedil;&atilde;o Social da Itaipu e presidente do Fundo Igua&ccedil;u, que coordena as articula&ccedil;&otilde;es para a melhoria das condi&ccedil;&otilde;es do aeroporto.<\/div>\n<div>&nbsp;<\/div>\n<div>Com o investimento previsto no edital, ser&atilde;o feitas as obras mais emergenciais, como amplia&ccedil;&atilde;o das salas de embarque e desembarque, climatiza&ccedil;&atilde;o e repagina&ccedil;&atilde;o do espa&ccedil;o interno, constru&ccedil;&atilde;o de novo pr&eacute;dio para as empresas contratadas, constru&ccedil;&atilde;o de uma nova casa de for&ccedil;a, cria&ccedil;&atilde;o de uma &aacute;rea coberta para &ocirc;nibus, instala&ccedil;&atilde;o de uma cobertura central e a substitui&ccedil;&atilde;o de equipamentos e de toda a rede el&eacute;trica e hidr&aacute;ulica.<\/div>\n<div>&nbsp;<\/div>\n<div>Desde que passou pela &uacute;ltima reforma, h&aacute; 23 anos, o Aeroporto das Cataratas n&atilde;o passava por um processo de revitaliza&ccedil;&atilde;o t&atilde;o importante.<\/div>\n<div>&nbsp;<\/div>\n<div>O processo ser&aacute; aberto no dia 9 de setembro, &agrave;s 9 horas, em Porto Alegre. A empresa que vencer a concorr&ecirc;ncia ter&aacute; 18 meses para concluir as obras. At&eacute; l&aacute;, a superintendente Maria do Socorro informa que todas as provid&ecirc;ncias ser&atilde;o tomadas para garantir a seguran&ccedil;a e o conforto dos passageiros.<\/div>\n<div>&nbsp;<\/div>\n<div>Em 2010, o Aeroporto Internacional de Foz do Igua&ccedil;u apresentou um crescimento de 43% no volume de passageiros. No primeiro semestre de 2011, o crescimento foi de 56%, o maior do pa&iacute;s. A previs&atilde;o &eacute; que o aeroporto atinja 1,8 milh&atilde;o de embarques e desembarques at&eacute; o final do ano.<\/div>\n","protected":false},"excerpt":{"rendered":"<p>Veja que excelente essa not\u00edcia do blog Boca Maldita para os habitantes da regi\u00e3o de Foz do Igua\u00e7u e tamb\u00e9m para o setor de turismo e com\u00e9rcio de todo o estado do Paran\u00e1. Foi publicado, no Di\u00e1rio Oficial da Uni\u00e3o, o edital de concorr\u00eancia para a reforma do Aeroporto Internacional de Foz do Igua\u00e7u que poder\u00e1 ser or\u00e7ado at\u00e9 em R$ 66,5 milh\u00f5es.<\/p>\n<p>\u201cEssas obras v\u00eam dar um f\u00f4lego extra para o aeroporto, at\u00e9 que o projeto maior, que est\u00e1 sendo coordenado pelo Fundo Igua\u00e7u, seja viabilizado\u201d, avaliou Gilmar Piolla, superintendente de Comunica\u00e7\u00e3o Social da Itaipu e presidente do Fundo Igua\u00e7u, que coordena as articula\u00e7\u00f5es para a melhoria das condi\u00e7\u00f5es do aeroporto.<\/p>\n<p>Veja mat\u00e9ria completa no leia mais.<\/p>\n","protected":false},"author":1,"featured_media":28941,"comment_status":"open","ping_status":"open","sticky":false,"template":"","format":"standard","meta":{"footnotes":""},"categories":[1],"tags":[426],"class_list":["post-28942","post","type-post","status-publish","format-standard","has-post-thumbnail","hentry","category-noticias-zeca-dirceu","tag-infraestrutura"],"_links":{"self":[{"href":"https:\/\/teste.bsb.br\/zeca\/wp-json\/wp\/v2\/posts\/28942","targetHints":{"allow":["GET"]}}],"collection":[{"href":"https:\/\/teste.bsb.br\/zeca\/wp-json\/wp\/v2\/posts"}],"about":[{"href":"https:\/\/teste.bsb.br\/zeca\/wp-json\/wp\/v2\/types\/post"}],"author":[{"embeddable":true,"href":"https:\/\/teste.bsb.br\/zeca\/wp-json\/wp\/v2\/users\/1"}],"replies":[{"embeddable":true,"href":"https:\/\/teste.bsb.br\/zeca\/wp-json\/wp\/v2\/comments?post=28942"}],"version-history":[{"count":0,"href":"https:\/\/teste.bsb.br\/zeca\/wp-json\/wp\/v2\/posts\/28942\/revisions"}],"wp:featuredmedia":[{"embeddable":true,"href":"https:\/\/teste.bsb.br\/zeca\/wp-json\/wp\/v2\/media\/28941"}],"wp:attachment":[{"href":"https:\/\/teste.bsb.br\/zeca\/wp-json\/wp\/v2\/media?parent=28942"}],"wp:term":[{"taxonomy":"category","embeddable":true,"href":"https:\/\/teste.bsb.br\/zeca\/wp-json\/wp\/v2\/categories?post=28942"},{"taxonomy":"post_tag","embeddable":true,"href":"https:\/\/teste.bsb.br\/zeca\/wp-json\/wp\/v2\/tags?post=28942"}],"curies":[{"name":"wp","href":"https:\/\/api.w.org\/{rel}","templated":true}]}}