{"id":28924,"date":"2011-08-10T00:00:00","date_gmt":"2011-08-10T03:00:00","guid":{"rendered":"https:\/\/www.zecadirceu.com.br\/conservadores-tentam-esconder-as-causas-sociais-da-violencia-por-ze-dirceu\/"},"modified":"2011-08-10T00:00:00","modified_gmt":"2011-08-10T03:00:00","slug":"conservadores-tentam-esconder-as-causas-sociais-da-violencia-por-ze-dirceu","status":"publish","type":"post","link":"https:\/\/teste.bsb.br\/zeca\/conservadores-tentam-esconder-as-causas-sociais-da-violencia-por-ze-dirceu\/","title":{"rendered":"Conservadores tentam esconder as causas sociais da viol\u00eancia, por Z\u00e9 Dirceu"},"content":{"rendered":"<div>Por mais que se condene a viol&ecirc;ncia que grassa na Europa &#8211; agora, com maior intensidade na Inglaterra &#8211; n&atilde;o se pode procurar esconder as causas sociais e as consequ&ecirc;ncias das pol&iacute;ticas recessivas adotadas em todos os pa&iacute;ses do velho continente, como tentam fazer os governos europeus.<\/div>\n<div>&nbsp;<\/div>\n<div>Estas pol&iacute;ticas, sim, s&atilde;o de uma viol&ecirc;ncia social nunca vista, com cortes em gastos sociais, sal&aacute;rios, benef&iacute;cios previdenci&aacute;rios e com aumentos de impostos diretos e indiretos, e um desemprego nunca visto. J&aacute; s&atilde;o 30 milh&otilde;es, apenas nos pa&iacute;ses da Uni&atilde;o Europeia (UE) &#8211; e geralmente (com taxas) em dobro na juventude.<\/div>\n<div>&nbsp;<\/div>\n<div>Tem raz&atilde;o esta juventude ao se sentir tra&iacute;da, sem esperan&ccedil;as, sentir-se sem um futuro, mas ao mesmo tempo lutar e se opor &agrave;s pol&iacute;ticas de ajuste e &agrave;s elites econ&ocirc;micas que se beneficiam destes jovens. Isso quando essas elites s&atilde;o as &uacute;nicas respons&aacute;veis pela grave crise que se abate sobre o mundo.<\/div>\n<div>&nbsp;<\/div>\n<div>Uma falta de pudor e de respeito &agrave; nossa intelig&ecirc;ncia<\/div>\n<div>&nbsp;<\/div>\n<div>Se a situa&ccedil;&atilde;o, particularmente da juventude, &eacute; desoladora na Europa, n&atilde;o h&aacute; como n&atilde;o repudiar, tamb&eacute;m, a linha editorial adotada por grande parte da m&iacute;dia. Uma linha que pretende reduzir a explos&atilde;o social na Gr&atilde;-Bretanha &agrave; a&ccedil;&atilde;o de v&acirc;ndalos e\/ou baderneiros. Nossa imprensa segue posi&ccedil;&atilde;o ainda pior, na medida em que s&oacute; reproduz isso sem maiores questionamentos e explica&ccedil;&otilde;es.<\/div>\n<div>&nbsp;<\/div>\n<div>Vejam, tentam criminalizar a rebeli&atilde;o popular na Europa &#8211; agora, maior na Gr&atilde;-Bretanha &#8211; quando essas mesmas viol&ecirc;ncia, explos&otilde;es sociais e revoltas populares quando ocorridas na &Aacute;frica e em pa&iacute;ses cujos governos as pot&ecirc;ncias ocidentais t&ecirc;m interesse em derrubar s&atilde;o recebidas como um sopro de liberdade e de democracia.<\/div>\n<div>&nbsp;<\/div>\n<div>Francamente, isso s&oacute; revela, mais uma vez, a falta de pudor e de respeito &agrave; nossa intelig&ecirc;ncia por parte de nossos donos da m&iacute;dia.<\/div>\n","protected":false},"excerpt":{"rendered":"<p>&#8220;Por mais que se condene a viol\u00eancia que grassa na Europa &#8211; agora, com maior intensidade na Inglaterra &#8211; n\u00e3o se pode procurar esconder as causas sociais e as consequ\u00eancias das pol\u00edticas recessivas adotadas em todos os pa\u00edses do velho continente, como tentam fazer os governos europeus.<\/p>\n<p>Estas pol\u00edticas, sim, s\u00e3o de uma viol\u00eancia social nunca vista, com cortes em gastos sociais, sal\u00e1rios, benef\u00edcios previdenci\u00e1rios e com aumentos de impostos diretos e indiretos, e um desemprego nunca visto. J\u00e1 s\u00e3o 30 milh\u00f5es, apenas nos pa\u00edses da Uni\u00e3o Europeia (UE) &#8211; e geralmente (com taxas) em dobro na juventude.&#8221; <\/p>\n<p>Trecho do artigo publicado no zedirceu.com.br, leia na \u00edntegra.<\/p>\n","protected":false},"author":1,"featured_media":28923,"comment_status":"open","ping_status":"open","sticky":false,"template":"","format":"standard","meta":{"footnotes":""},"categories":[1],"tags":[3484],"class_list":["post-28924","post","type-post","status-publish","format-standard","has-post-thumbnail","hentry","category-noticias-zeca-dirceu","tag-ze-dirceu"],"_links":{"self":[{"href":"https:\/\/teste.bsb.br\/zeca\/wp-json\/wp\/v2\/posts\/28924","targetHints":{"allow":["GET"]}}],"collection":[{"href":"https:\/\/teste.bsb.br\/zeca\/wp-json\/wp\/v2\/posts"}],"about":[{"href":"https:\/\/teste.bsb.br\/zeca\/wp-json\/wp\/v2\/types\/post"}],"author":[{"embeddable":true,"href":"https:\/\/teste.bsb.br\/zeca\/wp-json\/wp\/v2\/users\/1"}],"replies":[{"embeddable":true,"href":"https:\/\/teste.bsb.br\/zeca\/wp-json\/wp\/v2\/comments?post=28924"}],"version-history":[{"count":0,"href":"https:\/\/teste.bsb.br\/zeca\/wp-json\/wp\/v2\/posts\/28924\/revisions"}],"wp:featuredmedia":[{"embeddable":true,"href":"https:\/\/teste.bsb.br\/zeca\/wp-json\/wp\/v2\/media\/28923"}],"wp:attachment":[{"href":"https:\/\/teste.bsb.br\/zeca\/wp-json\/wp\/v2\/media?parent=28924"}],"wp:term":[{"taxonomy":"category","embeddable":true,"href":"https:\/\/teste.bsb.br\/zeca\/wp-json\/wp\/v2\/categories?post=28924"},{"taxonomy":"post_tag","embeddable":true,"href":"https:\/\/teste.bsb.br\/zeca\/wp-json\/wp\/v2\/tags?post=28924"}],"curies":[{"name":"wp","href":"https:\/\/api.w.org\/{rel}","templated":true}]}}