{"id":28918,"date":"2011-08-10T00:00:00","date_gmt":"2011-08-10T03:00:00","guid":{"rendered":"https:\/\/www.zecadirceu.com.br\/politicas-sociais-do-governo-dilma-sao-bem-avaliadas-pela-populacao-diz-ibope\/"},"modified":"2011-08-10T00:00:00","modified_gmt":"2011-08-10T03:00:00","slug":"politicas-sociais-do-governo-dilma-sao-bem-avaliadas-pela-populacao-diz-ibope","status":"publish","type":"post","link":"https:\/\/teste.bsb.br\/zeca\/politicas-sociais-do-governo-dilma-sao-bem-avaliadas-pela-populacao-diz-ibope\/","title":{"rendered":"Pol\u00edticas sociais do governo Dilma s\u00e3o bem avaliadas pela popula\u00e7\u00e3o, diz Ibope"},"content":{"rendered":"<p>As &aacute;reas mais bem avaliadas do governo Dilma Rousseff, de acordo com a pesquisa da Confedera&ccedil;&atilde;o Nacional da Ind&uacute;stria em parceria com o Ibope, s&atilde;o as de combate &agrave; fome e &agrave; pobreza. Sa&uacute;de, impostos e seguran&ccedil;a p&uacute;blica foram as &aacute;reas que receberam as piores avalia&ccedil;&otilde;es. No entanto, o que chamou mais a aten&ccedil;&atilde;o dos pesquisadores foi a queda da aprova&ccedil;&atilde;o &agrave; pol&iacute;tica de juros, de 43% para 29%, na compara&ccedil;&atilde;o entre as pesquisas de mar&ccedil;o e julho.<\/p>\n<p>As pol&iacute;ticas de combate ao desemprego &quot;permanecem em alta&quot;, segundo a CNI, com 49% de aprova&ccedil;&atilde;o, apesar da queda de 9 pontos percentuais desde mar&ccedil;o, quando foi feita a primiera songagem de opini&atilde;o sobre o governo Dilma. A mudan&ccedil;a mais significativa se deu em rela&ccedil;&atilde;o &agrave; pol&iacute;tica de juros, cuja desaprova&ccedil;&atilde;o subiu para 63%. Na pesquisa anterior, os &iacute;ndices de aprova&ccedil;&atilde;o e desaprova&ccedil;&atilde;o estavam empatados (43%).<\/p>\n","protected":false},"excerpt":{"rendered":"<p>As \u00e1reas mais bem avaliadas do governo Dilma Rousseff, de acordo com a pesquisa da Confedera\u00e7\u00e3o Nacional da Ind\u00fastria em parceria com o Ibope, s\u00e3o as de combate \u00e0 fome e \u00e0 pobreza. Sa\u00fade, impostos e seguran\u00e7a p\u00fablica foram as \u00e1reas que receberam as piores avalia\u00e7\u00f5es. No entanto, o que chamou mais a aten\u00e7\u00e3o dos pesquisadores foi a queda da aprova\u00e7\u00e3o \u00e0 pol\u00edtica de juros, de 43% para 29%, na compara\u00e7\u00e3o entre as pesquisas de mar\u00e7o e julho.<\/p>\n<p>As pol\u00edticas de combate ao desemprego &#8220;permanecem em alta&#8221;, segundo a CNI, com 49% de aprova\u00e7\u00e3o, apesar da queda de 9 pontos percentuais desde mar\u00e7o, quando foi feita a primiera songagem de opini\u00e3o sobre o governo Dilma. A mudan\u00e7a mais significativa se deu em rela\u00e7\u00e3o \u00e0 pol\u00edtica de juros, cuja desaprova\u00e7\u00e3o subiu para 63%. Na pesquisa anterior, os \u00edndices de aprova\u00e7\u00e3o e<br \/>\ndesaprova\u00e7\u00e3o estavam empatados (43%).<\/p>\n","protected":false},"author":1,"featured_media":28917,"comment_status":"open","ping_status":"open","sticky":false,"template":"","format":"standard","meta":{"footnotes":""},"categories":[1],"tags":[6850],"class_list":["post-28918","post","type-post","status-publish","format-standard","has-post-thumbnail","hentry","category-noticias-zeca-dirceu","tag-pesquisa-ibope"],"_links":{"self":[{"href":"https:\/\/teste.bsb.br\/zeca\/wp-json\/wp\/v2\/posts\/28918","targetHints":{"allow":["GET"]}}],"collection":[{"href":"https:\/\/teste.bsb.br\/zeca\/wp-json\/wp\/v2\/posts"}],"about":[{"href":"https:\/\/teste.bsb.br\/zeca\/wp-json\/wp\/v2\/types\/post"}],"author":[{"embeddable":true,"href":"https:\/\/teste.bsb.br\/zeca\/wp-json\/wp\/v2\/users\/1"}],"replies":[{"embeddable":true,"href":"https:\/\/teste.bsb.br\/zeca\/wp-json\/wp\/v2\/comments?post=28918"}],"version-history":[{"count":0,"href":"https:\/\/teste.bsb.br\/zeca\/wp-json\/wp\/v2\/posts\/28918\/revisions"}],"wp:featuredmedia":[{"embeddable":true,"href":"https:\/\/teste.bsb.br\/zeca\/wp-json\/wp\/v2\/media\/28917"}],"wp:attachment":[{"href":"https:\/\/teste.bsb.br\/zeca\/wp-json\/wp\/v2\/media?parent=28918"}],"wp:term":[{"taxonomy":"category","embeddable":true,"href":"https:\/\/teste.bsb.br\/zeca\/wp-json\/wp\/v2\/categories?post=28918"},{"taxonomy":"post_tag","embeddable":true,"href":"https:\/\/teste.bsb.br\/zeca\/wp-json\/wp\/v2\/tags?post=28918"}],"curies":[{"name":"wp","href":"https:\/\/api.w.org\/{rel}","templated":true}]}}