{"id":28912,"date":"2011-08-10T00:00:00","date_gmt":"2011-08-10T03:00:00","guid":{"rendered":"https:\/\/www.zecadirceu.com.br\/producao-industrial-do-parana-avanca-31-no-mes-de-junho\/"},"modified":"2011-08-10T00:00:00","modified_gmt":"2011-08-10T03:00:00","slug":"producao-industrial-do-parana-avanca-31-no-mes-de-junho","status":"publish","type":"post","link":"https:\/\/teste.bsb.br\/zeca\/producao-industrial-do-parana-avanca-31-no-mes-de-junho\/","title":{"rendered":"Produ\u00e7\u00e3o industrial do Paran\u00e1 avan\u00e7a 3,1 % no m\u00eas de junho"},"content":{"rendered":"<div>A produ&ccedil;&atilde;o industrial do Paran&aacute; cresceu 3,1 % no m&ecirc;s de junho, em compara&ccedil;&atilde;o com maio. &Eacute; o terceiro melhor resultado do Pa&iacute;s, atr&aacute;s apenas da Bahia (5,6 %) e de Pernambuco (4,8 %). Em rela&ccedil;&atilde;o ao mesmo m&ecirc;s do ano passado, a produ&ccedil;&atilde;o paranaense avan&ccedil;ou 1,6%. Os dados foram divulgados nesta ter&ccedil;a-feira (9) pelo IBGE.<\/div>\n<div>&nbsp;<\/div>\n<div>Na avalia&ccedil;&atilde;o do presidente do Instituto Paranaense de Desenvolvimento Social (Ipardes), o crescimento de 3,1 % mostra um movimento de recupera&ccedil;&atilde;o do setor industrial paranaense. &ldquo;Esse movimento vem puxado pelas ind&uacute;strias de material de transporte, material el&eacute;trico e de telecomunica&ccedil;&otilde;es, refino de petr&oacute;leo e &aacute;lcool, produtos qu&iacute;micos em geral e minerais n&atilde;o met&aacute;licos, utilizados na constru&ccedil;&atilde;o civil&rdquo;, afirma.<\/div>\n<div>&nbsp;<\/div>\n<div>Segundo Louren&ccedil;o, a queda de 1,1% na produ&ccedil;&atilde;o industrial do Paran&aacute; no segundo trimestre &eacute; explicada pela retra&ccedil;&atilde;o da ind&uacute;stria no m&ecirc;s de maio (cerca de -6%). &ldquo;A pol&iacute;tica de restri&ccedil;&atilde;o de cr&eacute;dito e de sobrevaloriza&ccedil;&atilde;o do real tiveram impacto nos setores gr&aacute;fico, de m&oacute;veis, bebidas e celulose que influenciou todo o per&iacute;odo. Mas o crescimento apresentado em junho d&aacute; mostras da recupera&ccedil;&atilde;o da produ&ccedil;&atilde;o industrial do Estado&rdquo;, diz.<\/div>\n<div>&nbsp;<\/div>\n<div><strong>TEND&Ecirc;NCIA<\/strong> &ndash; Para o segundo semestre, o presidente do Ipardes afirma que tr&ecirc;s fatores principais v&atilde;o ter impacto na produ&ccedil;&atilde;o paranaense: a crise internacional, a pol&iacute;tica macroecon&ocirc;mica federal e o ambiente de neg&oacute;cios no Paran&aacute;. &ldquo;Apesar de os dois primeiros serem empecilhos, a tend&ecirc;ncia &eacute; de que o bom ambiente para a realiza&ccedil;&atilde;o de neg&oacute;cios que se restabeleceu no Paran&aacute; desde o in&iacute;cio do ano e o interesse do governo do Estado em trabalhar em parceria com o setor produtivo sejam capazes de fortalecer as ind&uacute;strias aqui instaladas e atrair novos empreendimentos&rdquo;, afirma.<\/div>\n","protected":false},"excerpt":{"rendered":"<p>A produ\u00e7\u00e3o industrial do Paran\u00e1 cresceu 3,1 % no m\u00eas de junho, em compara\u00e7\u00e3o com maio. \u00c9 o terceiro melhor resultado do Pa\u00eds, atr\u00e1s apenas da Bahia (5,6 %) e de Pernambuco (4,8 %). Em rela\u00e7\u00e3o ao mesmo m\u00eas do ano passado, a produ\u00e7\u00e3o paranaense avan\u00e7ou 1,6%. Os dados foram divulgados nesta ter\u00e7a-feira (9) pelo IBGE.<\/p>\n<p>Na avalia\u00e7\u00e3o do presidente do Instituto Paranaense de Desenvolvimento Social (Ipardes), o crescimento de 3,1 % mostra um movimento de recupera\u00e7\u00e3o do setor industrial paranaense. \u201cEsse movimento vem puxado pelas ind\u00fastrias de material de transporte, material el\u00e9trico e de telecomunica\u00e7\u00f5es, refino de petr\u00f3leo e \u00e1lcool, produtos qu\u00edmicos em geral e minerais n\u00e3o met\u00e1licos, utilizados na constru\u00e7\u00e3o civil\u201d, afirma.<\/p>\n","protected":false},"author":1,"featured_media":28911,"comment_status":"open","ping_status":"open","sticky":false,"template":"","format":"standard","meta":{"footnotes":""},"categories":[1],"tags":[640],"class_list":["post-28912","post","type-post","status-publish","format-standard","has-post-thumbnail","hentry","category-noticias-zeca-dirceu","tag-industria"],"_links":{"self":[{"href":"https:\/\/teste.bsb.br\/zeca\/wp-json\/wp\/v2\/posts\/28912","targetHints":{"allow":["GET"]}}],"collection":[{"href":"https:\/\/teste.bsb.br\/zeca\/wp-json\/wp\/v2\/posts"}],"about":[{"href":"https:\/\/teste.bsb.br\/zeca\/wp-json\/wp\/v2\/types\/post"}],"author":[{"embeddable":true,"href":"https:\/\/teste.bsb.br\/zeca\/wp-json\/wp\/v2\/users\/1"}],"replies":[{"embeddable":true,"href":"https:\/\/teste.bsb.br\/zeca\/wp-json\/wp\/v2\/comments?post=28912"}],"version-history":[{"count":0,"href":"https:\/\/teste.bsb.br\/zeca\/wp-json\/wp\/v2\/posts\/28912\/revisions"}],"wp:featuredmedia":[{"embeddable":true,"href":"https:\/\/teste.bsb.br\/zeca\/wp-json\/wp\/v2\/media\/28911"}],"wp:attachment":[{"href":"https:\/\/teste.bsb.br\/zeca\/wp-json\/wp\/v2\/media?parent=28912"}],"wp:term":[{"taxonomy":"category","embeddable":true,"href":"https:\/\/teste.bsb.br\/zeca\/wp-json\/wp\/v2\/categories?post=28912"},{"taxonomy":"post_tag","embeddable":true,"href":"https:\/\/teste.bsb.br\/zeca\/wp-json\/wp\/v2\/tags?post=28912"}],"curies":[{"name":"wp","href":"https:\/\/api.w.org\/{rel}","templated":true}]}}