{"id":28910,"date":"2011-08-10T00:00:00","date_gmt":"2011-08-10T03:00:00","guid":{"rendered":"https:\/\/www.zecadirceu.com.br\/estudantes-defendem-10-do-pib-para-a-educacao\/"},"modified":"2011-08-10T00:00:00","modified_gmt":"2011-08-10T03:00:00","slug":"estudantes-defendem-10-do-pib-para-a-educacao","status":"publish","type":"post","link":"https:\/\/teste.bsb.br\/zeca\/estudantes-defendem-10-do-pib-para-a-educacao\/","title":{"rendered":"Estudantes defendem 10% do PIB para a educa\u00e7\u00e3o"},"content":{"rendered":"<p>O debate foi promovido pela Comiss&atilde;o de Direitos Humanos e pela Uni&atilde;o Nacional dos Estudantes.Deputados, estudantes e especialistas defenderam hoje a aplica&ccedil;&atilde;o de pelo menos 10% do PIB em educa&ccedil;&atilde;o no Pa&iacute;s. Hoje, s&atilde;o investidos na &aacute;rea o equivalente a cerca de 5% do PIB. Um projeto do governo que tramita na C&acirc;mara (Plano Nacional de Educa&ccedil;&atilde;o &ndash; PL 8035\/10) prev&ecirc; o aumento dessas verbas para 7% at&eacute; 2020.<\/p>\n<p>Para o presidente do Conselho Nacional de Educa&ccedil;&atilde;o (CNE), &oacute;rg&atilde;o consultivo ligado ao Minist&eacute;rio da Educa&ccedil;&atilde;o, Antonio Carlos Caruso Ronca, o aumento dos recursos &eacute; necess&aacute;rio principalmente para a melhoria da qualidade da educa&ccedil;&atilde;o. &ldquo;Tivemos muitos avan&ccedil;os nos &uacute;ltimos anos, mas ainda temos pend&ecirc;ncias. A situa&ccedil;&atilde;o hoje &eacute; complicada, por exemplo, quanto &agrave; remunera&ccedil;&atilde;o de professores e ao aux&iacute;lio t&eacute;cnico &agrave;s escolas&rdquo;, argumentou.<\/p>\n<p>A defesa dos 10% foi feita durante debate sobre o tema promovido pela Comiss&atilde;o de Direitos Humanos e pela UNE. No encontro, tomou posse a nova diretoria da UNE. O novo presidente da entidade, Daniel Iliescu, defendeu a amplia&ccedil;&atilde;o. &ldquo;Esse &eacute; o tipo de investimento mais eficaz para democratizar o Pa&iacute;s e construir uma na&ccedil;&atilde;o realmente a servi&ccedil;o de sua popula&ccedil;&atilde;o&rdquo;, afirmou.<\/p>\n<p>Apesar dos apelos para o aumento dos recursos previstos para a educa&ccedil;&atilde;o, o ministro-chefe da Secretaria-Geral da Presid&ecirc;ncia da Rep&uacute;blica, Gilberto Carvalho, que tamb&eacute;m participou do debate de hoje, reafirmou a posi&ccedil;&atilde;o do governo de aumentar de 5% para 7% do PIB as verbas investidas na &aacute;rea. &ldquo;Este &eacute; o momento de termos extremo cuidado com toda a quest&atilde;o fiscal e prud&ecirc;ncia para n&atilde;o assumirmos compromissos que talvez n&atilde;o possamos cumprir&rdquo;, disse.<\/p>\n<p>Segundo carvalho, contudo, a depender da futura conjuntura econ&ocirc;mica do Pa&iacute;s, esse valor poder&aacute; ser alterado. &ldquo;A gente tem clareza da import&acirc;ncia da educa&ccedil;&atilde;o e das suas necessidades e nada impede que, no futuro, o governo possa mudar a sua posi&ccedil;&atilde;o&rdquo;, acrescentou.<\/p>\n<p>A proposta do Plano Nacional de Educa&ccedil;&atilde;o est&aacute; em an&aacute;lise por uma comiss&atilde;o especial da C&acirc;mara e j&aacute; recebeu quase tr&ecirc;s mil emendas. O relator da proposta, deputado Angelo Vanhoni (PT-PR), dever&aacute; apresentar um substitutivo ao texto no pr&oacute;ximo m&ecirc;s de setembro. Segundo o presidente do colegiado, deputado Gast&atilde;o Vieira (PMDB-MA), a proposta dever&aacute; ser votada at&eacute; o final deste ano. Ap&oacute;s essa etapa, o texto seguir&aacute; para o Plen&aacute;rio.<\/p>\n","protected":false},"excerpt":{"rendered":"<p>O debate foi promovido pela Comiss\u00e3o de Direitos Humanos e pela Uni\u00e3o Nacional dos Estudantes.Deputados, estudantes e especialistas defenderam hoje a aplica\u00e7\u00e3o de pelo menos 10% do PIB em educa\u00e7\u00e3o no Pa\u00eds. Hoje, s\u00e3o investidos na \u00e1rea o equivalente a cerca de 5% do PIB. Um projeto do governo que tramita na C\u00e2mara (Plano Nacional de Educa\u00e7\u00e3o \u2013 PL 8035\/10) prev\u00ea o aumento dessas verbas para 7% at\u00e9 2020.<\/p>\n<p>Para o presidente do Conselho Nacional de Educa\u00e7\u00e3o (CNE), \u00f3rg\u00e3o consultivo ligado ao Minist\u00e9rio da Educa\u00e7\u00e3o, Antonio Carlos Caruso Ronca, o aumento dos recursos \u00e9 necess\u00e1rio principalmente para a melhoria da qualidade da educa\u00e7\u00e3o. \u201cTivemos muitos avan\u00e7os nos \u00faltimos anos, mas ainda temos pend\u00eancias. A situa\u00e7\u00e3o hoje \u00e9 complicada, por exemplo, quanto \u00e0 remunera\u00e7\u00e3o de professores e ao aux\u00edlio t\u00e9cnico \u00e0s escolas\u201d, argumentou.<\/p>\n","protected":false},"author":1,"featured_media":28909,"comment_status":"open","ping_status":"open","sticky":false,"template":"","format":"standard","meta":{"footnotes":""},"categories":[1],"tags":[4,60,1273],"class_list":["post-28910","post","type-post","status-publish","format-standard","has-post-thumbnail","hentry","category-noticias-zeca-dirceu","tag-educacao","tag-estudantes","tag-pib"],"_links":{"self":[{"href":"https:\/\/teste.bsb.br\/zeca\/wp-json\/wp\/v2\/posts\/28910","targetHints":{"allow":["GET"]}}],"collection":[{"href":"https:\/\/teste.bsb.br\/zeca\/wp-json\/wp\/v2\/posts"}],"about":[{"href":"https:\/\/teste.bsb.br\/zeca\/wp-json\/wp\/v2\/types\/post"}],"author":[{"embeddable":true,"href":"https:\/\/teste.bsb.br\/zeca\/wp-json\/wp\/v2\/users\/1"}],"replies":[{"embeddable":true,"href":"https:\/\/teste.bsb.br\/zeca\/wp-json\/wp\/v2\/comments?post=28910"}],"version-history":[{"count":0,"href":"https:\/\/teste.bsb.br\/zeca\/wp-json\/wp\/v2\/posts\/28910\/revisions"}],"wp:featuredmedia":[{"embeddable":true,"href":"https:\/\/teste.bsb.br\/zeca\/wp-json\/wp\/v2\/media\/28909"}],"wp:attachment":[{"href":"https:\/\/teste.bsb.br\/zeca\/wp-json\/wp\/v2\/media?parent=28910"}],"wp:term":[{"taxonomy":"category","embeddable":true,"href":"https:\/\/teste.bsb.br\/zeca\/wp-json\/wp\/v2\/categories?post=28910"},{"taxonomy":"post_tag","embeddable":true,"href":"https:\/\/teste.bsb.br\/zeca\/wp-json\/wp\/v2\/tags?post=28910"}],"curies":[{"name":"wp","href":"https:\/\/api.w.org\/{rel}","templated":true}]}}