{"id":28902,"date":"2011-08-11T00:00:00","date_gmt":"2011-08-11T03:00:00","guid":{"rendered":"https:\/\/www.zecadirceu.com.br\/precos-para-familias-de-baixa-renda-tem-queda-de-025-em-julho\/"},"modified":"2011-08-11T00:00:00","modified_gmt":"2011-08-11T03:00:00","slug":"precos-para-familias-de-baixa-renda-tem-queda-de-025-em-julho","status":"publish","type":"post","link":"https:\/\/teste.bsb.br\/zeca\/precos-para-familias-de-baixa-renda-tem-queda-de-025-em-julho\/","title":{"rendered":"Pre\u00e7os para fam\u00edlias de baixa renda t\u00eam queda de 0,25% em julho"},"content":{"rendered":"<div>O &Iacute;ndice de Pre&ccedil;os ao Consumidor &ndash; Classe 1 (IPC-C1), que mede a infla&ccedil;&atilde;o para as fam&iacute;lias com rendimentos mensais at&eacute; 2,5 sal&aacute;rios m&iacute;nimos, teve queda de 0,25% em julho, menos intensa do que a registrada um m&ecirc;s antes (-0,31%). O &iacute;ndice &eacute; apurado pela Funda&ccedil;&atilde;o Getulio Vargas (FGV) e, segundo nota divulgada hoje (11) pela institui&ccedil;&atilde;o, acumula alta de 3,39% no ano e de 6,49% nos &uacute;ltimos 12 meses.<\/div>\n<div>&nbsp;<\/div>\n<div>A varia&ccedil;&atilde;o do IPC-C1 de julho ficou abaixo da taxa de &ndash;0,04% do &Iacute;ndice de Pre&ccedil;os ao Consumidor Brasil (IPC-BR), que mede a infla&ccedil;&atilde;o para o conjunto de fam&iacute;lias com rendimentos at&eacute; 40 sal&aacute;rios m&iacute;nimos, no mesmo per&iacute;odo. As informa&ccedil;&otilde;es s&atilde;o da Ag&ecirc;ncia Brasil.<\/div>\n<div>&nbsp;<\/div>\n<div>De acordo com a FGV, o aumento na taxa do IPC-C1 foi influenciado pelos acr&eacute;scimos em duas das sete classes de despesa que o comp&otilde;em: alimenta&ccedil;&atilde;o (de -1,20% para -0,92%), principalmente frutas (de -8,11% para -2,03%), e despesas diversas (de 0,11% para 0,20%), especialmente alimento para animais dom&eacute;sticos (de 1,10% para 2,06%).<\/div>\n<div>&nbsp;<\/div>\n<div>Houve diminui&ccedil;&atilde;o em transportes (de 0,19% para 0,02%), educa&ccedil;&atilde;o, leitura e recrea&ccedil;&atilde;o (de 0,39% para 0,11%), vestu&aacute;rio (de 0,77% para 0,52%), sa&uacute;de e cuidados pessoais (de 0,35% para 0,18%) e habita&ccedil;&atilde;o (de 0,32% para 0,29%).<\/div>\n<div>&nbsp;<\/div>\n<div>Para calcular o IPC-C1, a Funda&ccedil;&atilde;o Getulio Vargas coleta pre&ccedil;os de uma cesta de produtos e servi&ccedil;os consumidos por fam&iacute;lias com renda mensal at&eacute; 2,5 sal&aacute;rios m&iacute;nimos nas seguintes capitais: Rio de Janeiro, Bras&iacute;lia, S&atilde;o Paulo, Porto Alegre, Salvador, Recife e Belo Horizonte.<\/div>\n<div>&nbsp;<\/div>\n","protected":false},"excerpt":{"rendered":"<p>O \u00cdndice de Pre\u00e7os ao Consumidor \u2013 Classe 1 (IPC-C1), que mede a infla\u00e7\u00e3o para as fam\u00edlias com rendimentos mensais at\u00e9 2,5 sal\u00e1rios m\u00ednimos, teve queda de 0,25% em julho, menos intensa do que a registrada um m\u00eas antes (-0,31%). O \u00edndice \u00e9 apurado pela Funda\u00e7\u00e3o Getulio Vargas (FGV) e, segundo nota divulgada hoje (11) pela institui\u00e7\u00e3o, acumula alta de 3,39% no ano e de 6,49% nos \u00faltimos 12 meses.<\/p>\n<p>A varia\u00e7\u00e3o do IPC-C1 de julho ficou abaixo da taxa de \u20130,04% do \u00cdndice de Pre\u00e7os ao Consumidor Brasil (IPC-BR), que mede a infla\u00e7\u00e3o para o conjunto de fam\u00edlias com rendimentos at\u00e9 40 sal\u00e1rios m\u00ednimos, no mesmo per\u00edodo. As informa\u00e7\u00f5es s\u00e3o da Ag\u00eancia Brasil.<\/p>\n","protected":false},"author":1,"featured_media":28901,"comment_status":"open","ping_status":"open","sticky":false,"template":"","format":"standard","meta":{"footnotes":""},"categories":[1],"tags":[368],"class_list":["post-28902","post","type-post","status-publish","format-standard","has-post-thumbnail","hentry","category-noticias-zeca-dirceu","tag-economia"],"_links":{"self":[{"href":"https:\/\/teste.bsb.br\/zeca\/wp-json\/wp\/v2\/posts\/28902","targetHints":{"allow":["GET"]}}],"collection":[{"href":"https:\/\/teste.bsb.br\/zeca\/wp-json\/wp\/v2\/posts"}],"about":[{"href":"https:\/\/teste.bsb.br\/zeca\/wp-json\/wp\/v2\/types\/post"}],"author":[{"embeddable":true,"href":"https:\/\/teste.bsb.br\/zeca\/wp-json\/wp\/v2\/users\/1"}],"replies":[{"embeddable":true,"href":"https:\/\/teste.bsb.br\/zeca\/wp-json\/wp\/v2\/comments?post=28902"}],"version-history":[{"count":0,"href":"https:\/\/teste.bsb.br\/zeca\/wp-json\/wp\/v2\/posts\/28902\/revisions"}],"wp:featuredmedia":[{"embeddable":true,"href":"https:\/\/teste.bsb.br\/zeca\/wp-json\/wp\/v2\/media\/28901"}],"wp:attachment":[{"href":"https:\/\/teste.bsb.br\/zeca\/wp-json\/wp\/v2\/media?parent=28902"}],"wp:term":[{"taxonomy":"category","embeddable":true,"href":"https:\/\/teste.bsb.br\/zeca\/wp-json\/wp\/v2\/categories?post=28902"},{"taxonomy":"post_tag","embeddable":true,"href":"https:\/\/teste.bsb.br\/zeca\/wp-json\/wp\/v2\/tags?post=28902"}],"curies":[{"name":"wp","href":"https:\/\/api.w.org\/{rel}","templated":true}]}}