{"id":28898,"date":"2011-08-11T00:00:00","date_gmt":"2011-08-11T03:00:00","guid":{"rendered":"https:\/\/www.zecadirceu.com.br\/dilma-experiencia-fara-pais-nao-entrar-em-recessao-com-crise-internacional\/"},"modified":"2011-08-11T00:00:00","modified_gmt":"2011-08-11T03:00:00","slug":"dilma-experiencia-fara-pais-nao-entrar-em-recessao-com-crise-internacional","status":"publish","type":"post","link":"https:\/\/teste.bsb.br\/zeca\/dilma-experiencia-fara-pais-nao-entrar-em-recessao-com-crise-internacional\/","title":{"rendered":"Dilma: experi\u00eancia far\u00e1 pa\u00eds n\u00e3o entrar em recess\u00e3o com crise internacional"},"content":{"rendered":"<div>A presidenta da Rep&uacute;blica, Dilma Rousseff, disse na noite desta quarta-feira (10), em discurso a empres&aacute;rios do ramo da constru&ccedil;&atilde;o civil, que o Brasil adquiriu experi&ecirc;ncia suficiente na &uacute;ltima crise econ&ocirc;mica mundial, de 2008, para evitar entrar agora em recess&atilde;o com as novas oscila&ccedil;&otilde;es negativas do mercado internacional.<\/div>\n<div>&nbsp;<\/div>\n<div>&ldquo;N&oacute;s apreendemos, com a nossa experi&ecirc;ncia, que momentos de crise s&atilde;o momentos de oportunidade&rdquo;, disse. &ldquo;Em nome do governo brasileiro eu digo que n&atilde;o entraremos em recess&atilde;o, e digo n&atilde;o como uma bravata, mas porque temos condi&ccedil;&otilde;es de reagir, e isso n&atilde;o significa que sejamos imunes a crise&rdquo;, acrescentou Dilma, segundo reportagem da Ag&ecirc;ncia Brasil.<\/div>\n<div>&nbsp;<\/div>\n<div>Dilma ressaltou que atualmente o pa&iacute;s disp&otilde;e de US$ 350 milh&otilde;es de reservas internacionais, US$ 140 milh&otilde;es a mais que na crise de 2008. De acordo com ela, o Brasil est&aacute; mais preparado tamb&eacute;m para enfrentar a contra&ccedil;&atilde;o do cr&eacute;dito. H&aacute; tr&ecirc;s anos, o pa&iacute;s tinha R$ 220 milh&otilde;es em compuls&oacute;rios. Hoje o valor &eacute; cerca de R$ 200 milh&otilde;es a mais.<\/div>\n<div>&nbsp;<\/div>\n<div>&ldquo;Naquela &eacute;poca todos os pa&iacute;ses do mundo utilizaram mecanismos para superar a situa&ccedil;&atilde;o cr&iacute;tica. Alguns pegaram recursos fiscais, financeiros, do Or&ccedil;amento, e salvaram os bancos. Deixaram os consumidores e popula&ccedil;&atilde;o endividada sem apoio e resgate&rdquo;, disse. &ldquo;Outros pa&iacute;ses, como n&oacute;s, sa&iacute;mos da crise porque apostamos no consumo, no investimento. A sa&iacute;da da crise n&atilde;o era recessiva, n&atilde;o era colocar um peso para cima da economia&rdquo;, completou.<\/div>\n<div>&nbsp;<\/div>\n<div>A presidenta disse que o pa&iacute;s ir&aacute; agir novamente como em 2008, para preservar e fortalecer as for&ccedil;as produtivas, o emprego e a renda da popula&ccedil;&atilde;o. &ldquo;O que n&atilde;o quer dizer que n&atilde;o vamos usar medidas para nos proteger do ponto de vista financeiro e cambial&rdquo;, declarou.<\/div>\n<div>&nbsp;<\/div>\n<div>Para Dilma Rousseff, que &ldquo;por falta de lideran&ccedil;a pol&iacute;tica e por falta de clareza nas medidas&rdquo;, a atual crise econ&ocirc;mica mundial poder&aacute; durar mais que a de 2008.<\/div>\n","protected":false},"excerpt":{"rendered":"<p>A presidenta da Rep\u00fablica, Dilma Rousseff, disse na noite desta quarta-feira (10), em discurso a empres\u00e1rios do ramo da constru\u00e7\u00e3o civil, que o Brasil adquiriu experi\u00eancia suficiente na \u00faltima crise econ\u00f4mica mundial, de 2008, para evitar entrar agora em recess\u00e3o com as novas oscila\u00e7\u00f5es negativas do mercado internacional.<\/p>\n<p>\u201cN\u00f3s apreendemos, com a nossa experi\u00eancia, que momentos de crise s\u00e3o momentos de oportunidade\u201d, disse. \u201cEm nome do governo brasileiro eu digo que n\u00e3o entraremos em recess\u00e3o, e digo n\u00e3o como uma bravata, mas porque temos condi\u00e7\u00f5es de reagir, e isso n\u00e3o significa que sejamos imunes a crise\u201d, acrescentou Dilma, segundo reportagem da Ag\u00eancia Brasil.<\/p>\n","protected":false},"author":1,"featured_media":28897,"comment_status":"open","ping_status":"open","sticky":false,"template":"","format":"standard","meta":{"footnotes":""},"categories":[1],"tags":[368],"class_list":["post-28898","post","type-post","status-publish","format-standard","has-post-thumbnail","hentry","category-noticias-zeca-dirceu","tag-economia"],"_links":{"self":[{"href":"https:\/\/teste.bsb.br\/zeca\/wp-json\/wp\/v2\/posts\/28898","targetHints":{"allow":["GET"]}}],"collection":[{"href":"https:\/\/teste.bsb.br\/zeca\/wp-json\/wp\/v2\/posts"}],"about":[{"href":"https:\/\/teste.bsb.br\/zeca\/wp-json\/wp\/v2\/types\/post"}],"author":[{"embeddable":true,"href":"https:\/\/teste.bsb.br\/zeca\/wp-json\/wp\/v2\/users\/1"}],"replies":[{"embeddable":true,"href":"https:\/\/teste.bsb.br\/zeca\/wp-json\/wp\/v2\/comments?post=28898"}],"version-history":[{"count":0,"href":"https:\/\/teste.bsb.br\/zeca\/wp-json\/wp\/v2\/posts\/28898\/revisions"}],"wp:featuredmedia":[{"embeddable":true,"href":"https:\/\/teste.bsb.br\/zeca\/wp-json\/wp\/v2\/media\/28897"}],"wp:attachment":[{"href":"https:\/\/teste.bsb.br\/zeca\/wp-json\/wp\/v2\/media?parent=28898"}],"wp:term":[{"taxonomy":"category","embeddable":true,"href":"https:\/\/teste.bsb.br\/zeca\/wp-json\/wp\/v2\/categories?post=28898"},{"taxonomy":"post_tag","embeddable":true,"href":"https:\/\/teste.bsb.br\/zeca\/wp-json\/wp\/v2\/tags?post=28898"}],"curies":[{"name":"wp","href":"https:\/\/api.w.org\/{rel}","templated":true}]}}